{"id":14817,"date":"2026-03-03T16:12:55","date_gmt":"2026-03-03T15:12:55","guid":{"rendered":"https:\/\/industria.airmatic.es\/4-factores-eficiencia-instalacion-aire-comprimido\/"},"modified":"2026-03-04T16:31:43","modified_gmt":"2026-03-04T15:31:43","slug":"4-factores-eficiencia-instalacion-aire-comprimido","status":"publish","type":"post","link":"https:\/\/industria.airmatic.es\/ca\/4-factores-eficiencia-instalacion-aire-comprimido\/","title":{"rendered":"4 FACTORS QUE PODEN COMPROMETRE L&#8217;EFICI\u00c8NCIA DE LA TEVA INSTAL\u00b7LACI\u00d3"},"content":{"rendered":"&#13;\n<p>Optimitzar el consum energ\u00e8tic en una instal\u00b7laci\u00f3 d&#8217;aire comprimit no dep\u00e8n \u00fanicament del rendiment del compressor. El disseny i la configuraci\u00f3 de la xarxa de distribuci\u00f3 influeixen de manera directa en el cost operatiu global del sistema. <\/p>&#13;\n&#13;\n<p>Tot seguit, es descriuen quatre factors t\u00e8cnics que impacten de manera significativa en l&#8217;efici\u00e8ncia.<\/p>&#13;\n&#13;\n<p><strong>1. Velocitat de flux excessiva per dimensionament inadequat<\/strong><\/p>&#13;\n&#13;\n<p>Un dels errors m\u00e9s freq\u00fcents \u00e9s no considerar el <strong>di\u00e0metre interior real<\/strong> de les canonades.<\/p>&#13;\n&#13;\n<p>Si la secci\u00f3 \u00e9s insuficient per al cabal requerit, la velocitat de l&#8217;aire augmenta i amb aix\u00f2 la fricci\u00f3 interna. Aquesta fricci\u00f3 genera p\u00e8rdues de pressi\u00f3 cont\u00ednues que obliguen el sistema a treballar a una pressi\u00f3 superior per garantir el subministrament als punts de consum. <\/p>&#13;\n&#13;\n<p>Les conseq\u00fc\u00e8ncies s\u00f3n:<\/p>&#13;\n\r\n<ul class=\"wp-block-list\">&#13;\n<li>Increment estructural del consum el\u00e8ctric<br\/><br\/><\/li>&#13;\n\r\n\r\n&#13;\n<li>Major estr\u00e8s mec\u00e0nic del sistema<br\/><br\/><\/li>&#13;\n\r\n\r\n&#13;\n<li>Reducci\u00f3 de la vida \u00fatil dels equips<br\/><br\/><\/li>&#13;\n<\/ul>\r\n&#13;\n<p>Una variaci\u00f3 de nom\u00e9s 0,1 bar pot representar aproximadament un 1% addicional de consum energ\u00e8tic anual.<\/p>&#13;\n&#13;\n<p><strong>2. Dimensionat basat en suma de m\u00e0xims en lloc de simultane\u00eftat<\/strong><\/p>&#13;\n&#13;\n<p>El disseny d&#8217;una xarxa no s&#8217;ha de fer sumant les demandes m\u00e0ximes nominals de tots els equips connectats.<\/p>&#13;\n&#13;\n<p>\u00c9s imprescindible aplicar el <strong>factor de simultane\u00eftat<\/strong> , \u00e9s a dir, analitzar quins processos operen realment alhora i quina pressi\u00f3 efectiva requereix cadascun.<\/p>&#13;\n&#13;\n<p>Sense aquesta an\u00e0lisi pr\u00e8via:<\/p>&#13;\n\r\n<ul class=\"wp-block-list\">&#13;\n<li>La xarxa pot quedar sobredimensionada, generant una inversi\u00f3 innecess\u00e0ria<\/li>&#13;\n\r\n\r\n&#13;\n<li>O resultar insuficient, provocant caigudes de pressi\u00f3 i futures modificacions<\/li>&#13;\n<\/ul>\r\n&#13;\n<p>Un dimensionat adequat sempre parteix de dades reals d&#8217;operaci\u00f3.<\/p>&#13;\n&#13;\n<p><strong>3. P\u00e8rdues de c\u00e0rrega associades a accessoris i modificacions no planificades<\/strong><\/p>&#13;\n&#13;\n<p>Cada element intercalat a la l\u00ednia \u2014colzes, v\u00e0lvules, filtres, reduccions o derivacions\u2014 introdueix una p\u00e8rdua de c\u00e0rrega addicional.<\/p>&#13;\n&#13;\n<p>En instal\u00b7lacions que han crescut progressivament sense revisi\u00f3 t\u00e8cnica global, \u00e9s habitual trobar-hi:<\/p>&#13;\n\r\n<ul class=\"wp-block-list\">&#13;\n<li>Derivacions afegides sense redimensionat<\/li>&#13;\n\r\n\r\n&#13;\n<li>Accessoris instal\u00b7lats sense criteri hidr\u00e0ulic<\/li>&#13;\n\r\n\r\n&#13;\n<li>Connexions temporals convertides en permanents<\/li>&#13;\n<\/ul>\r\n&#13;\n<p>L&#8217;acumulaci\u00f3 de p\u00e8rdues petites genera un impacte significatiu en el rendiment energ\u00e8tic global del sistema.<\/p>&#13;\n&#13;\n<p><strong>4. Configuraci\u00f3 de xarxa inadequada segons la geometria de la planta<\/strong><\/p>&#13;\n&#13;\n<p>No hi ha una soluci\u00f3 \u00fanica v\u00e0lida per a totes les instal\u00b7lacions.<\/p>&#13;\n&#13;\n<p>En plantes compactes, una xarxa lineal pot ser suficient si est\u00e0 correctament dimensionada. Tot i aix\u00f2, en naus de major extensi\u00f3, la configuraci\u00f3 en <strong>anell tancat<\/strong> permet equilibrar pressions en possibilitar el subministrament des de dues direccions. <\/p>&#13;\n&#13;\n<p>Aquest disseny redueix les caigudes de pressi\u00f3 als punts m\u00e9s allunyats i evita la necessitat d&#8217;incrementar la pressi\u00f3 general del sistema per compensar desequilibris.<\/p>&#13;\n&#13;\n<p><strong>Consideraci\u00f3 final<\/strong><\/p>&#13;\n&#13;\n<p>Una xarxa eficient \u00e9s la que permet que l&#8217;aire comprimit arribi als punts de consum amb la m\u00ednima resist\u00e8ncia possible i sense exigir sobreesfor\u00e7os innecessaris al sistema.<\/p>&#13;\n&#13;\n<p>El disseny t\u00e8cnic de la xarxa de distribuci\u00f3 \u00e9s un factor determinant en la rendibilitat energ\u00e8tica i l&#8217;estabilitat operativa de la instal\u00b7laci\u00f3.<\/p>&#13;\n","protected":false},"excerpt":{"rendered":"<p>&#13; Optimitzar el consum energ\u00e8tic en una instal\u00b7laci\u00f3 d&#8217;aire comprimit no dep\u00e8n \u00fanicament del rendiment del compressor. El disseny i la configuraci\u00f3 de la xarxa de distribuci\u00f3 influeixen de manera directa en el cost operatiu global del sistema. &#13; &#13; Tot seguit, es descriuen quatre factors t\u00e8cnics que impacten de manera significativa en l&#8217;efici\u00e8ncia. &#13; [&hellip;]<\/p>\n","protected":false},"author":4,"featured_media":14813,"comment_status":"open","ping_status":"open","sticky":false,"template":"","format":"standard","meta":{"footnotes":""},"categories":[60],"tags":[],"class_list":["post-14817","post","type-post","status-publish","format-standard","has-post-thumbnail","hentry","category-recursos-ca"],"yoast_head":"<!-- This site is optimized with the Yoast SEO plugin v27.2 - https:\/\/yoast.com\/product\/yoast-seo-wordpress\/ -->\n<title>4 FACTORS QUE PODEN COMPROMETRE L&#039;EFICI\u00c8NCIA DE LA TEVA INSTAL\u00b7LACI\u00d3 - Airmatic Industria<\/title>\n<meta name=\"description\" content=\"Descobriu quins s\u00f3n els factors que m\u00e9s poden comprometre l&#039;efici\u00e8ncia de la vostra instal\u00b7laci\u00f3 d&#039;aire comprimit\" \/>\n<meta name=\"robots\" content=\"index, follow, max-snippet:-1, max-image-preview:large, max-video-preview:-1\" \/>\n<link rel=\"canonical\" href=\"https:\/\/industria.airmatic.es\/ca\/4-factores-eficiencia-instalacion-aire-comprimido\/\" \/>\n<meta property=\"og:locale\" content=\"ca_ES\" \/>\n<meta property=\"og:type\" content=\"article\" \/>\n<meta property=\"og:title\" content=\"4 FACTORS QUE PODEN COMPROMETRE L&#039;EFICI\u00c8NCIA DE LA TEVA INSTAL\u00b7LACI\u00d3 - Airmatic Industria\" \/>\n<meta property=\"og:description\" content=\"Descobriu quins s\u00f3n els factors que m\u00e9s poden comprometre l&#039;efici\u00e8ncia de la vostra instal\u00b7laci\u00f3 d&#039;aire comprimit\" \/>\n<meta property=\"og:url\" content=\"https:\/\/industria.airmatic.es\/ca\/4-factores-eficiencia-instalacion-aire-comprimido\/\" \/>\n<meta property=\"og:site_name\" content=\"Airmatic Industria\" \/>\n<meta property=\"article:published_time\" content=\"2026-03-03T15:12:55+00:00\" \/>\n<meta property=\"article:modified_time\" content=\"2026-03-04T15:31:43+00:00\" \/>\n<meta property=\"og:image\" content=\"https:\/\/industria.airmatic.es\/wp-content\/uploads\/2026\/03\/FACTORS-RENDIBILITAT_CAST.webp\" \/>\n\t<meta property=\"og:image:width\" content=\"2048\" \/>\n\t<meta property=\"og:image:height\" content=\"1152\" \/>\n\t<meta property=\"og:image:type\" content=\"image\/webp\" \/>\n<meta name=\"author\" content=\"Airmatic\" \/>\n<meta name=\"twitter:card\" content=\"summary_large_image\" \/>\n<meta name=\"twitter:label1\" content=\"Escrit per\" \/>\n\t<meta name=\"twitter:data1\" content=\"Airmatic\" \/>\n\t<meta name=\"twitter:label2\" content=\"Temps estimat de lectura\" \/>\n\t<meta name=\"twitter:data2\" content=\"3 minuts\" \/>\n<script type=\"application\/ld+json\" class=\"yoast-schema-graph\">{\"@context\":\"https:\/\/schema.org\",\"@graph\":[{\"@type\":\"Article\",\"@id\":\"https:\/\/industria.airmatic.es\/ca\/4-factores-eficiencia-instalacion-aire-comprimido\/#article\",\"isPartOf\":{\"@id\":\"https:\/\/industria.airmatic.es\/ca\/4-factores-eficiencia-instalacion-aire-comprimido\/\"},\"author\":{\"name\":\"Airmatic\",\"@id\":\"https:\/\/industria.airmatic.es\/ca\/#\/schema\/person\/adb7cb61859145bbee4eb5603ea57a1f\"},\"headline\":\"4 FACTORS QUE PODEN COMPROMETRE L&#8217;EFICI\u00c8NCIA DE LA TEVA INSTAL\u00b7LACI\u00d3\",\"datePublished\":\"2026-03-03T15:12:55+00:00\",\"dateModified\":\"2026-03-04T15:31:43+00:00\",\"mainEntityOfPage\":{\"@id\":\"https:\/\/industria.airmatic.es\/ca\/4-factores-eficiencia-instalacion-aire-comprimido\/\"},\"wordCount\":505,\"commentCount\":0,\"publisher\":{\"@id\":\"https:\/\/industria.airmatic.es\/ca\/#organization\"},\"image\":{\"@id\":\"https:\/\/industria.airmatic.es\/ca\/4-factores-eficiencia-instalacion-aire-comprimido\/#primaryimage\"},\"thumbnailUrl\":\"https:\/\/industria.airmatic.es\/wp-content\/uploads\/2026\/03\/FACTORS-RENDIBILITAT_CAST.webp\",\"articleSection\":[\"Recursos\"],\"inLanguage\":\"ca\",\"potentialAction\":[{\"@type\":\"CommentAction\",\"name\":\"Comment\",\"target\":[\"https:\/\/industria.airmatic.es\/ca\/4-factores-eficiencia-instalacion-aire-comprimido\/#respond\"]}]},{\"@type\":\"WebPage\",\"@id\":\"https:\/\/industria.airmatic.es\/ca\/4-factores-eficiencia-instalacion-aire-comprimido\/\",\"url\":\"https:\/\/industria.airmatic.es\/ca\/4-factores-eficiencia-instalacion-aire-comprimido\/\",\"name\":\"4 FACTORS QUE PODEN COMPROMETRE L'EFICI\u00c8NCIA DE LA TEVA INSTAL\u00b7LACI\u00d3 - Airmatic Industria\",\"isPartOf\":{\"@id\":\"https:\/\/industria.airmatic.es\/ca\/#website\"},\"primaryImageOfPage\":{\"@id\":\"https:\/\/industria.airmatic.es\/ca\/4-factores-eficiencia-instalacion-aire-comprimido\/#primaryimage\"},\"image\":{\"@id\":\"https:\/\/industria.airmatic.es\/ca\/4-factores-eficiencia-instalacion-aire-comprimido\/#primaryimage\"},\"thumbnailUrl\":\"https:\/\/industria.airmatic.es\/wp-content\/uploads\/2026\/03\/FACTORS-RENDIBILITAT_CAST.webp\",\"datePublished\":\"2026-03-03T15:12:55+00:00\",\"dateModified\":\"2026-03-04T15:31:43+00:00\",\"description\":\"Descobriu quins s\u00f3n els factors que m\u00e9s poden comprometre l'efici\u00e8ncia de la vostra instal\u00b7laci\u00f3 d'aire comprimit\",\"breadcrumb\":{\"@id\":\"https:\/\/industria.airmatic.es\/ca\/4-factores-eficiencia-instalacion-aire-comprimido\/#breadcrumb\"},\"inLanguage\":\"ca\",\"potentialAction\":[{\"@type\":\"ReadAction\",\"target\":[\"https:\/\/industria.airmatic.es\/ca\/4-factores-eficiencia-instalacion-aire-comprimido\/\"]}]},{\"@type\":\"ImageObject\",\"inLanguage\":\"ca\",\"@id\":\"https:\/\/industria.airmatic.es\/ca\/4-factores-eficiencia-instalacion-aire-comprimido\/#primaryimage\",\"url\":\"https:\/\/industria.airmatic.es\/wp-content\/uploads\/2026\/03\/FACTORS-RENDIBILITAT_CAST.webp\",\"contentUrl\":\"https:\/\/industria.airmatic.es\/wp-content\/uploads\/2026\/03\/FACTORS-RENDIBILITAT_CAST.webp\",\"width\":2048,\"height\":1152},{\"@type\":\"BreadcrumbList\",\"@id\":\"https:\/\/industria.airmatic.es\/ca\/4-factores-eficiencia-instalacion-aire-comprimido\/#breadcrumb\",\"itemListElement\":[{\"@type\":\"ListItem\",\"position\":1,\"name\":\"Portada\",\"item\":\"https:\/\/industria.airmatic.es\/ca\/inici\/\"},{\"@type\":\"ListItem\",\"position\":2,\"name\":\"4 FACTORS QUE PODEN COMPROMETRE L&#8217;EFICI\u00c8NCIA DE LA TEVA INSTAL\u00b7LACI\u00d3\"}]},{\"@type\":\"WebSite\",\"@id\":\"https:\/\/industria.airmatic.es\/ca\/#website\",\"url\":\"https:\/\/industria.airmatic.es\/ca\/\",\"name\":\"Airmatic Industria\",\"description\":\"\",\"publisher\":{\"@id\":\"https:\/\/industria.airmatic.es\/ca\/#organization\"},\"potentialAction\":[{\"@type\":\"SearchAction\",\"target\":{\"@type\":\"EntryPoint\",\"urlTemplate\":\"https:\/\/industria.airmatic.es\/ca\/?s={search_term_string}\"},\"query-input\":{\"@type\":\"PropertyValueSpecification\",\"valueRequired\":true,\"valueName\":\"search_term_string\"}}],\"inLanguage\":\"ca\"},{\"@type\":\"Organization\",\"@id\":\"https:\/\/industria.airmatic.es\/ca\/#organization\",\"name\":\"Airmatic Industria\",\"url\":\"https:\/\/industria.airmatic.es\/ca\/\",\"logo\":{\"@type\":\"ImageObject\",\"inLanguage\":\"ca\",\"@id\":\"https:\/\/industria.airmatic.es\/ca\/#\/schema\/logo\/image\/\",\"url\":\"https:\/\/industria.airmatic.es\/wp-content\/uploads\/2024\/02\/cropped-Logotipo-Airmatic.png\",\"contentUrl\":\"https:\/\/industria.airmatic.es\/wp-content\/uploads\/2024\/02\/cropped-Logotipo-Airmatic.png\",\"width\":400,\"height\":126,\"caption\":\"Airmatic Industria\"},\"image\":{\"@id\":\"https:\/\/industria.airmatic.es\/ca\/#\/schema\/logo\/image\/\"}},{\"@type\":\"Person\",\"@id\":\"https:\/\/industria.airmatic.es\/ca\/#\/schema\/person\/adb7cb61859145bbee4eb5603ea57a1f\",\"name\":\"Airmatic\",\"image\":{\"@type\":\"ImageObject\",\"inLanguage\":\"ca\",\"@id\":\"https:\/\/secure.gravatar.com\/avatar\/314446466896ba2cd3050a3060ff308dbe353dcb40efbae4a7298f902a1dd522?s=96&d=mm&r=g\",\"url\":\"https:\/\/secure.gravatar.com\/avatar\/314446466896ba2cd3050a3060ff308dbe353dcb40efbae4a7298f902a1dd522?s=96&d=mm&r=g\",\"contentUrl\":\"https:\/\/secure.gravatar.com\/avatar\/314446466896ba2cd3050a3060ff308dbe353dcb40efbae4a7298f902a1dd522?s=96&d=mm&r=g\",\"caption\":\"Airmatic\"}}]}<\/script>\n<!-- \/ Yoast SEO plugin. -->","yoast_head_json":{"title":"4 FACTORS QUE PODEN COMPROMETRE L'EFICI\u00c8NCIA DE LA TEVA INSTAL\u00b7LACI\u00d3 - Airmatic Industria","description":"Descobriu quins s\u00f3n els factors que m\u00e9s poden comprometre l'efici\u00e8ncia de la vostra instal\u00b7laci\u00f3 d'aire comprimit","robots":{"index":"index","follow":"follow","max-snippet":"max-snippet:-1","max-image-preview":"max-image-preview:large","max-video-preview":"max-video-preview:-1"},"canonical":"https:\/\/industria.airmatic.es\/ca\/4-factores-eficiencia-instalacion-aire-comprimido\/","og_locale":"ca_ES","og_type":"article","og_title":"4 FACTORS QUE PODEN COMPROMETRE L'EFICI\u00c8NCIA DE LA TEVA INSTAL\u00b7LACI\u00d3 - Airmatic Industria","og_description":"Descobriu quins s\u00f3n els factors que m\u00e9s poden comprometre l'efici\u00e8ncia de la vostra instal\u00b7laci\u00f3 d'aire comprimit","og_url":"https:\/\/industria.airmatic.es\/ca\/4-factores-eficiencia-instalacion-aire-comprimido\/","og_site_name":"Airmatic Industria","article_published_time":"2026-03-03T15:12:55+00:00","article_modified_time":"2026-03-04T15:31:43+00:00","og_image":[{"width":2048,"height":1152,"url":"https:\/\/industria.airmatic.es\/wp-content\/uploads\/2026\/03\/FACTORS-RENDIBILITAT_CAST.webp","type":"image\/webp"}],"author":"Airmatic","twitter_card":"summary_large_image","twitter_misc":{"Escrit per":"Airmatic","Temps estimat de lectura":"3 minuts"},"schema":{"@context":"https:\/\/schema.org","@graph":[{"@type":"Article","@id":"https:\/\/industria.airmatic.es\/ca\/4-factores-eficiencia-instalacion-aire-comprimido\/#article","isPartOf":{"@id":"https:\/\/industria.airmatic.es\/ca\/4-factores-eficiencia-instalacion-aire-comprimido\/"},"author":{"name":"Airmatic","@id":"https:\/\/industria.airmatic.es\/ca\/#\/schema\/person\/adb7cb61859145bbee4eb5603ea57a1f"},"headline":"4 FACTORS QUE PODEN COMPROMETRE L&#8217;EFICI\u00c8NCIA DE LA TEVA INSTAL\u00b7LACI\u00d3","datePublished":"2026-03-03T15:12:55+00:00","dateModified":"2026-03-04T15:31:43+00:00","mainEntityOfPage":{"@id":"https:\/\/industria.airmatic.es\/ca\/4-factores-eficiencia-instalacion-aire-comprimido\/"},"wordCount":505,"commentCount":0,"publisher":{"@id":"https:\/\/industria.airmatic.es\/ca\/#organization"},"image":{"@id":"https:\/\/industria.airmatic.es\/ca\/4-factores-eficiencia-instalacion-aire-comprimido\/#primaryimage"},"thumbnailUrl":"https:\/\/industria.airmatic.es\/wp-content\/uploads\/2026\/03\/FACTORS-RENDIBILITAT_CAST.webp","articleSection":["Recursos"],"inLanguage":"ca","potentialAction":[{"@type":"CommentAction","name":"Comment","target":["https:\/\/industria.airmatic.es\/ca\/4-factores-eficiencia-instalacion-aire-comprimido\/#respond"]}]},{"@type":"WebPage","@id":"https:\/\/industria.airmatic.es\/ca\/4-factores-eficiencia-instalacion-aire-comprimido\/","url":"https:\/\/industria.airmatic.es\/ca\/4-factores-eficiencia-instalacion-aire-comprimido\/","name":"4 FACTORS QUE PODEN COMPROMETRE L'EFICI\u00c8NCIA DE LA TEVA INSTAL\u00b7LACI\u00d3 - Airmatic Industria","isPartOf":{"@id":"https:\/\/industria.airmatic.es\/ca\/#website"},"primaryImageOfPage":{"@id":"https:\/\/industria.airmatic.es\/ca\/4-factores-eficiencia-instalacion-aire-comprimido\/#primaryimage"},"image":{"@id":"https:\/\/industria.airmatic.es\/ca\/4-factores-eficiencia-instalacion-aire-comprimido\/#primaryimage"},"thumbnailUrl":"https:\/\/industria.airmatic.es\/wp-content\/uploads\/2026\/03\/FACTORS-RENDIBILITAT_CAST.webp","datePublished":"2026-03-03T15:12:55+00:00","dateModified":"2026-03-04T15:31:43+00:00","description":"Descobriu quins s\u00f3n els factors que m\u00e9s poden comprometre l'efici\u00e8ncia de la vostra instal\u00b7laci\u00f3 d'aire comprimit","breadcrumb":{"@id":"https:\/\/industria.airmatic.es\/ca\/4-factores-eficiencia-instalacion-aire-comprimido\/#breadcrumb"},"inLanguage":"ca","potentialAction":[{"@type":"ReadAction","target":["https:\/\/industria.airmatic.es\/ca\/4-factores-eficiencia-instalacion-aire-comprimido\/"]}]},{"@type":"ImageObject","inLanguage":"ca","@id":"https:\/\/industria.airmatic.es\/ca\/4-factores-eficiencia-instalacion-aire-comprimido\/#primaryimage","url":"https:\/\/industria.airmatic.es\/wp-content\/uploads\/2026\/03\/FACTORS-RENDIBILITAT_CAST.webp","contentUrl":"https:\/\/industria.airmatic.es\/wp-content\/uploads\/2026\/03\/FACTORS-RENDIBILITAT_CAST.webp","width":2048,"height":1152},{"@type":"BreadcrumbList","@id":"https:\/\/industria.airmatic.es\/ca\/4-factores-eficiencia-instalacion-aire-comprimido\/#breadcrumb","itemListElement":[{"@type":"ListItem","position":1,"name":"Portada","item":"https:\/\/industria.airmatic.es\/ca\/inici\/"},{"@type":"ListItem","position":2,"name":"4 FACTORS QUE PODEN COMPROMETRE L&#8217;EFICI\u00c8NCIA DE LA TEVA INSTAL\u00b7LACI\u00d3"}]},{"@type":"WebSite","@id":"https:\/\/industria.airmatic.es\/ca\/#website","url":"https:\/\/industria.airmatic.es\/ca\/","name":"Airmatic Industria","description":"","publisher":{"@id":"https:\/\/industria.airmatic.es\/ca\/#organization"},"potentialAction":[{"@type":"SearchAction","target":{"@type":"EntryPoint","urlTemplate":"https:\/\/industria.airmatic.es\/ca\/?s={search_term_string}"},"query-input":{"@type":"PropertyValueSpecification","valueRequired":true,"valueName":"search_term_string"}}],"inLanguage":"ca"},{"@type":"Organization","@id":"https:\/\/industria.airmatic.es\/ca\/#organization","name":"Airmatic Industria","url":"https:\/\/industria.airmatic.es\/ca\/","logo":{"@type":"ImageObject","inLanguage":"ca","@id":"https:\/\/industria.airmatic.es\/ca\/#\/schema\/logo\/image\/","url":"https:\/\/industria.airmatic.es\/wp-content\/uploads\/2024\/02\/cropped-Logotipo-Airmatic.png","contentUrl":"https:\/\/industria.airmatic.es\/wp-content\/uploads\/2024\/02\/cropped-Logotipo-Airmatic.png","width":400,"height":126,"caption":"Airmatic Industria"},"image":{"@id":"https:\/\/industria.airmatic.es\/ca\/#\/schema\/logo\/image\/"}},{"@type":"Person","@id":"https:\/\/industria.airmatic.es\/ca\/#\/schema\/person\/adb7cb61859145bbee4eb5603ea57a1f","name":"Airmatic","image":{"@type":"ImageObject","inLanguage":"ca","@id":"https:\/\/secure.gravatar.com\/avatar\/314446466896ba2cd3050a3060ff308dbe353dcb40efbae4a7298f902a1dd522?s=96&d=mm&r=g","url":"https:\/\/secure.gravatar.com\/avatar\/314446466896ba2cd3050a3060ff308dbe353dcb40efbae4a7298f902a1dd522?s=96&d=mm&r=g","contentUrl":"https:\/\/secure.gravatar.com\/avatar\/314446466896ba2cd3050a3060ff308dbe353dcb40efbae4a7298f902a1dd522?s=96&d=mm&r=g","caption":"Airmatic"}}]}},"_links":{"self":[{"href":"https:\/\/industria.airmatic.es\/ca\/wp-json\/wp\/v2\/posts\/14817","targetHints":{"allow":["GET"]}}],"collection":[{"href":"https:\/\/industria.airmatic.es\/ca\/wp-json\/wp\/v2\/posts"}],"about":[{"href":"https:\/\/industria.airmatic.es\/ca\/wp-json\/wp\/v2\/types\/post"}],"author":[{"embeddable":true,"href":"https:\/\/industria.airmatic.es\/ca\/wp-json\/wp\/v2\/users\/4"}],"replies":[{"embeddable":true,"href":"https:\/\/industria.airmatic.es\/ca\/wp-json\/wp\/v2\/comments?post=14817"}],"version-history":[{"count":0,"href":"https:\/\/industria.airmatic.es\/ca\/wp-json\/wp\/v2\/posts\/14817\/revisions"}],"wp:featuredmedia":[{"embeddable":true,"href":"https:\/\/industria.airmatic.es\/ca\/wp-json\/wp\/v2\/media\/14813"}],"wp:attachment":[{"href":"https:\/\/industria.airmatic.es\/ca\/wp-json\/wp\/v2\/media?parent=14817"}],"wp:term":[{"taxonomy":"category","embeddable":true,"href":"https:\/\/industria.airmatic.es\/ca\/wp-json\/wp\/v2\/categories?post=14817"},{"taxonomy":"post_tag","embeddable":true,"href":"https:\/\/industria.airmatic.es\/ca\/wp-json\/wp\/v2\/tags?post=14817"}],"curies":[{"name":"wp","href":"https:\/\/api.w.org\/{rel}","templated":true}]}}