{"id":3461,"date":"2021-12-28T15:16:04","date_gmt":"2021-12-28T14:16:04","guid":{"rendered":"https:\/\/industria.airmatic.es\/per-que-a-lestiu-els-compressors-incrementen-la-seva-carrega-de-treball\/"},"modified":"2024-05-07T18:23:00","modified_gmt":"2024-05-07T16:23:00","slug":"per-que-a-lestiu-els-compressors-incrementen-la-seva-carrega-de-treball","status":"publish","type":"post","link":"https:\/\/industria.airmatic.es\/ca\/per-que-a-lestiu-els-compressors-incrementen-la-seva-carrega-de-treball\/","title":{"rendered":"Per qu\u00e8 a l&#8217;estiu els compressors d&#8217;aire incrementen la c\u00e0rrega de feina?"},"content":{"rendered":"<h2><span style=\"font-size: 16px;\">A mayor temperatura del aire a la entrada del compresor de aire, menor es la densidad del aire y por tanto menor el caudal entregado. <\/span><strong style=\"font-size: 16px;\">Por este motivo en verano los compresores incrementan su carga de trabajo entre un 10 y un 15%.<\/strong><\/h2>\n<div class=\"noticia\">\n<p>Si a esto a\u00f1adimos otros factores que tambi\u00e9n afectan el rendimiento del compresor, los problemas en esta \u00e9poca con elevadas temperaturas pueden ser m\u00e1s frecuentes y graves.<\/p>\n<p><img fetchpriority=\"high\" decoding=\"async\" class=\"alignnone wp-image-11153 size-full\" src=\"https:\/\/industria.airmatic.es\/wp-content\/uploads\/2021\/12\/blog_compresores-incrementan-carga-trabajo.webp\" alt=\"Imagen de un t\u00e9cnico de Airmatic realizando una auditoria de fugas en un compresor\" width=\"800\" height=\"534\" srcset=\"https:\/\/industria.airmatic.es\/wp-content\/uploads\/2021\/12\/blog_compresores-incrementan-carga-trabajo.webp 800w, https:\/\/industria.airmatic.es\/wp-content\/uploads\/2021\/12\/blog_compresores-incrementan-carga-trabajo-300x200.webp 300w, https:\/\/industria.airmatic.es\/wp-content\/uploads\/2021\/12\/blog_compresores-incrementan-carga-trabajo-768x513.webp 768w\" sizes=\"(max-width: 800px) 100vw, 800px\" \/><\/p>\n<\/div>\n<p>Para\u00a0<strong>evitar paradas y sobrecargas de los equipos de aire comprimido<\/strong>\u00a0durante los meses con m\u00e1s calor es recomendable seguir estas indicaciones:<\/p>\n<ul class=\"fa-ul\">\n<li><i class=\"fa fa-li fa-long-arrow-right\"><\/i><strong>Ventilaci\u00f3n<\/strong><\/li>\n<\/ul>\n<p>Mantener una correcta ventilaci\u00f3n en el compresor es vital. Debemos evitar la recirculaci\u00f3n sacando el aire caliente al exterior, y disponer de una entrada de aire natural del exterior lo m\u00e1s fresco posible.<\/p>\n<ul class=\"fa-ul\">\n<li><i class=\"fa fa-li fa-long-arrow-right\"><\/i><strong>Aceite<\/strong><\/li>\n<\/ul>\n<p>Con el calor el aceite tambi\u00e9n puede perder sus propiedades y provocar da\u00f1os al equipo. Por tanto, es muy importante el uso de un aceite de la m\u00e1xima calidad y el mantenimiento del mismo. Asimismo, un correcto estado y mantenimiento de los filtros mejorar\u00e1 el rendimiento del equipo y el ahorro energ\u00e9tico.<\/p>\n<ul class=\"fa-ul\">\n<li><i class=\"fa fa-li fa-long-arrow-right\"><\/i><strong>Refrigeradores<\/strong><\/li>\n<\/ul>\n<p>Un refrigerador limpio y sin obst\u00e1culos en el flujo del aire mantendr\u00e1 al compresor a una temperatura \u00f3ptima, impidiendo sobrecalentamientos a\u00f1adidos a la temperatura ambiente.<\/p>\n<ul class=\"fa-ul\">\n<li><i class=\"fa fa-li fa-long-arrow-right\"><\/i><strong>Drenajes<\/strong><\/li>\n<\/ul>\n<p>La humedad del verano puede generar mayores niveles de condensado que en las \u00e9pocas m\u00e1s fr\u00edas. Por ello, es importante una revisi\u00f3n de los purgadores para asegurar su correcto funcionamiento.<\/p>\n<ul class=\"fa-ul\">\n<li><i class=\"fa fa-li fa-long-arrow-right\"><\/i><strong>Filtros<\/strong><\/li>\n<\/ul>\n<p>Como en la ventilaci\u00f3n y en los refrigeradores, las obstrucciones en el flujo del aire provocan que el compresor tenga que trabajar por encima de sus posibilidades y eso provoca un sobrecalentamiento que puede derivar a paradas indeseadas. Por ello es muy importante mantener los filtros de aire y aceite en un perfecto estado y con el mantenimiento al d\u00eda.<\/p>\n<p><img decoding=\"async\" class=\"alignnone wp-image-11155 size-full\" src=\"https:\/\/industria.airmatic.es\/wp-content\/uploads\/2021\/12\/blog02_compresores-incrementan-carga-trabajo.webp\" alt=\"Imagen donde se muestra un t\u00e9cnico de Airmatic haciendo una auditoria de fugas\" width=\"800\" height=\"534\" srcset=\"https:\/\/industria.airmatic.es\/wp-content\/uploads\/2021\/12\/blog02_compresores-incrementan-carga-trabajo.webp 800w, https:\/\/industria.airmatic.es\/wp-content\/uploads\/2021\/12\/blog02_compresores-incrementan-carga-trabajo-300x200.webp 300w, https:\/\/industria.airmatic.es\/wp-content\/uploads\/2021\/12\/blog02_compresores-incrementan-carga-trabajo-768x513.webp 768w\" sizes=\"(max-width: 800px) 100vw, 800px\" \/><\/p>\n<p>En definitiva, durante estas \u00e9pocas del a\u00f1o tan calurosas, tiene todav\u00eda mas importancia tener los equipos de aire comprimido en perfecto estado de funcionamiento y con los mantenimientos al d\u00eda para evitar problemas en los mismos equipos y en los procesos productivos implicados.<\/p>\n","protected":false},"excerpt":{"rendered":"<p>A mayor temperatura del aire a la entrada del compresor de aire, menor es la densidad del aire y por tanto menor el caudal entregado. Por este motivo en verano los compresores incrementan su carga de trabajo entre un 10 y un 15%. Si a esto a\u00f1adimos otros factores que tambi\u00e9n afectan el rendimiento del [&hellip;]<\/p>\n","protected":false},"author":4,"featured_media":2833,"comment_status":"closed","ping_status":"closed","sticky":false,"template":"","format":"standard","meta":{"footnotes":""},"categories":[59,57],"tags":[83],"class_list":["post-3461","post","type-post","status-publish","format-standard","has-post-thumbnail","hentry","category-noticies","category-refrigeracio-industrial","tag-refrigeracio-industrial"],"yoast_head":"<!-- This site is optimized with the Yoast SEO plugin v27.2 - https:\/\/yoast.com\/product\/yoast-seo-wordpress\/ -->\n<title>Per qu\u00e8 a l&#039;estiu els compressors d&#039;aire incrementen la c\u00e0rrega de feina? - Airmatic Industria<\/title>\n<meta name=\"description\" content=\"Descobreix perqu\u00e8 a l&#039;estiu els compressors d&#039;aire incrementen la c\u00e0rrega de treball. Airmatic us ofereix la soluci\u00f3\" \/>\n<meta name=\"robots\" content=\"index, follow, max-snippet:-1, max-image-preview:large, max-video-preview:-1\" \/>\n<link rel=\"canonical\" href=\"https:\/\/industria.airmatic.es\/ca\/per-que-a-lestiu-els-compressors-incrementen-la-seva-carrega-de-treball\/\" \/>\n<meta property=\"og:locale\" content=\"ca_ES\" \/>\n<meta property=\"og:type\" content=\"article\" \/>\n<meta property=\"og:title\" content=\"Per qu\u00e8 a l&#039;estiu els compressors d&#039;aire incrementen la c\u00e0rrega de feina? - Airmatic Industria\" \/>\n<meta property=\"og:description\" content=\"Descobreix perqu\u00e8 a l&#039;estiu els compressors d&#039;aire incrementen la c\u00e0rrega de treball. Airmatic us ofereix la soluci\u00f3\" \/>\n<meta property=\"og:url\" content=\"https:\/\/industria.airmatic.es\/ca\/per-que-a-lestiu-els-compressors-incrementen-la-seva-carrega-de-treball\/\" \/>\n<meta property=\"og:site_name\" content=\"Airmatic Industria\" \/>\n<meta property=\"article:published_time\" content=\"2021-12-28T14:16:04+00:00\" \/>\n<meta property=\"article:modified_time\" content=\"2024-05-07T16:23:00+00:00\" \/>\n<meta property=\"og:image\" content=\"https:\/\/industria.airmatic.es\/wp-content\/uploads\/2023\/06\/image-1-1024x834.png\" \/>\n\t<meta property=\"og:image:width\" content=\"1024\" \/>\n\t<meta property=\"og:image:height\" content=\"834\" \/>\n\t<meta property=\"og:image:type\" content=\"image\/png\" \/>\n<meta name=\"author\" content=\"Airmatic\" \/>\n<meta name=\"twitter:card\" content=\"summary_large_image\" \/>\n<meta name=\"twitter:label1\" content=\"Escrit per\" \/>\n\t<meta name=\"twitter:data1\" content=\"Airmatic\" \/>\n\t<meta name=\"twitter:label2\" content=\"Temps estimat de lectura\" \/>\n\t<meta name=\"twitter:data2\" content=\"2 minuts\" \/>\n<script type=\"application\/ld+json\" class=\"yoast-schema-graph\">{\"@context\":\"https:\/\/schema.org\",\"@graph\":[{\"@type\":\"Article\",\"@id\":\"https:\/\/industria.airmatic.es\/ca\/per-que-a-lestiu-els-compressors-incrementen-la-seva-carrega-de-treball\/#article\",\"isPartOf\":{\"@id\":\"https:\/\/industria.airmatic.es\/ca\/per-que-a-lestiu-els-compressors-incrementen-la-seva-carrega-de-treball\/\"},\"author\":{\"name\":\"Airmatic\",\"@id\":\"https:\/\/industria.airmatic.es\/ca\/#\/schema\/person\/adb7cb61859145bbee4eb5603ea57a1f\"},\"headline\":\"Per qu\u00e8 a l&#8217;estiu els compressors d&#8217;aire incrementen la c\u00e0rrega de feina?\",\"datePublished\":\"2021-12-28T14:16:04+00:00\",\"dateModified\":\"2024-05-07T16:23:00+00:00\",\"mainEntityOfPage\":{\"@id\":\"https:\/\/industria.airmatic.es\/ca\/per-que-a-lestiu-els-compressors-incrementen-la-seva-carrega-de-treball\/\"},\"wordCount\":375,\"publisher\":{\"@id\":\"https:\/\/industria.airmatic.es\/ca\/#organization\"},\"image\":{\"@id\":\"https:\/\/industria.airmatic.es\/ca\/per-que-a-lestiu-els-compressors-incrementen-la-seva-carrega-de-treball\/#primaryimage\"},\"thumbnailUrl\":\"https:\/\/industria.airmatic.es\/wp-content\/uploads\/2023\/06\/image-1.png\",\"keywords\":[\"Refrigeraci\u00f3 industrial\"],\"articleSection\":[\"Not\u00edcies\",\"Refrigeraci\u00f3 Industrial\"],\"inLanguage\":\"ca\"},{\"@type\":\"WebPage\",\"@id\":\"https:\/\/industria.airmatic.es\/ca\/per-que-a-lestiu-els-compressors-incrementen-la-seva-carrega-de-treball\/\",\"url\":\"https:\/\/industria.airmatic.es\/ca\/per-que-a-lestiu-els-compressors-incrementen-la-seva-carrega-de-treball\/\",\"name\":\"Per qu\u00e8 a l'estiu els compressors d'aire incrementen la c\u00e0rrega de feina? - Airmatic Industria\",\"isPartOf\":{\"@id\":\"https:\/\/industria.airmatic.es\/ca\/#website\"},\"primaryImageOfPage\":{\"@id\":\"https:\/\/industria.airmatic.es\/ca\/per-que-a-lestiu-els-compressors-incrementen-la-seva-carrega-de-treball\/#primaryimage\"},\"image\":{\"@id\":\"https:\/\/industria.airmatic.es\/ca\/per-que-a-lestiu-els-compressors-incrementen-la-seva-carrega-de-treball\/#primaryimage\"},\"thumbnailUrl\":\"https:\/\/industria.airmatic.es\/wp-content\/uploads\/2023\/06\/image-1.png\",\"datePublished\":\"2021-12-28T14:16:04+00:00\",\"dateModified\":\"2024-05-07T16:23:00+00:00\",\"description\":\"Descobreix perqu\u00e8 a l'estiu els compressors d'aire incrementen la c\u00e0rrega de treball. Airmatic us ofereix la soluci\u00f3\",\"breadcrumb\":{\"@id\":\"https:\/\/industria.airmatic.es\/ca\/per-que-a-lestiu-els-compressors-incrementen-la-seva-carrega-de-treball\/#breadcrumb\"},\"inLanguage\":\"ca\",\"potentialAction\":[{\"@type\":\"ReadAction\",\"target\":[\"https:\/\/industria.airmatic.es\/ca\/per-que-a-lestiu-els-compressors-incrementen-la-seva-carrega-de-treball\/\"]}]},{\"@type\":\"ImageObject\",\"inLanguage\":\"ca\",\"@id\":\"https:\/\/industria.airmatic.es\/ca\/per-que-a-lestiu-els-compressors-incrementen-la-seva-carrega-de-treball\/#primaryimage\",\"url\":\"https:\/\/industria.airmatic.es\/wp-content\/uploads\/2023\/06\/image-1.png\",\"contentUrl\":\"https:\/\/industria.airmatic.es\/wp-content\/uploads\/2023\/06\/image-1.png\",\"width\":2048,\"height\":1668},{\"@type\":\"BreadcrumbList\",\"@id\":\"https:\/\/industria.airmatic.es\/ca\/per-que-a-lestiu-els-compressors-incrementen-la-seva-carrega-de-treball\/#breadcrumb\",\"itemListElement\":[{\"@type\":\"ListItem\",\"position\":1,\"name\":\"Portada\",\"item\":\"https:\/\/industria.airmatic.es\/ca\/inici\/\"},{\"@type\":\"ListItem\",\"position\":2,\"name\":\"Per qu\u00e8 a l&#8217;estiu els compressors d&#8217;aire incrementen la c\u00e0rrega de feina?\"}]},{\"@type\":\"WebSite\",\"@id\":\"https:\/\/industria.airmatic.es\/ca\/#website\",\"url\":\"https:\/\/industria.airmatic.es\/ca\/\",\"name\":\"Airmatic Industria\",\"description\":\"\",\"publisher\":{\"@id\":\"https:\/\/industria.airmatic.es\/ca\/#organization\"},\"potentialAction\":[{\"@type\":\"SearchAction\",\"target\":{\"@type\":\"EntryPoint\",\"urlTemplate\":\"https:\/\/industria.airmatic.es\/ca\/?s={search_term_string}\"},\"query-input\":{\"@type\":\"PropertyValueSpecification\",\"valueRequired\":true,\"valueName\":\"search_term_string\"}}],\"inLanguage\":\"ca\"},{\"@type\":\"Organization\",\"@id\":\"https:\/\/industria.airmatic.es\/ca\/#organization\",\"name\":\"Airmatic Industria\",\"url\":\"https:\/\/industria.airmatic.es\/ca\/\",\"logo\":{\"@type\":\"ImageObject\",\"inLanguage\":\"ca\",\"@id\":\"https:\/\/industria.airmatic.es\/ca\/#\/schema\/logo\/image\/\",\"url\":\"https:\/\/industria.airmatic.es\/wp-content\/uploads\/2024\/02\/cropped-Logotipo-Airmatic.png\",\"contentUrl\":\"https:\/\/industria.airmatic.es\/wp-content\/uploads\/2024\/02\/cropped-Logotipo-Airmatic.png\",\"width\":400,\"height\":126,\"caption\":\"Airmatic Industria\"},\"image\":{\"@id\":\"https:\/\/industria.airmatic.es\/ca\/#\/schema\/logo\/image\/\"}},{\"@type\":\"Person\",\"@id\":\"https:\/\/industria.airmatic.es\/ca\/#\/schema\/person\/adb7cb61859145bbee4eb5603ea57a1f\",\"name\":\"Airmatic\",\"image\":{\"@type\":\"ImageObject\",\"inLanguage\":\"ca\",\"@id\":\"https:\/\/secure.gravatar.com\/avatar\/314446466896ba2cd3050a3060ff308dbe353dcb40efbae4a7298f902a1dd522?s=96&d=mm&r=g\",\"url\":\"https:\/\/secure.gravatar.com\/avatar\/314446466896ba2cd3050a3060ff308dbe353dcb40efbae4a7298f902a1dd522?s=96&d=mm&r=g\",\"contentUrl\":\"https:\/\/secure.gravatar.com\/avatar\/314446466896ba2cd3050a3060ff308dbe353dcb40efbae4a7298f902a1dd522?s=96&d=mm&r=g\",\"caption\":\"Airmatic\"}}]}<\/script>\n<!-- \/ Yoast SEO plugin. -->","yoast_head_json":{"title":"Per qu\u00e8 a l'estiu els compressors d'aire incrementen la c\u00e0rrega de feina? - Airmatic Industria","description":"Descobreix perqu\u00e8 a l'estiu els compressors d'aire incrementen la c\u00e0rrega de treball. Airmatic us ofereix la soluci\u00f3","robots":{"index":"index","follow":"follow","max-snippet":"max-snippet:-1","max-image-preview":"max-image-preview:large","max-video-preview":"max-video-preview:-1"},"canonical":"https:\/\/industria.airmatic.es\/ca\/per-que-a-lestiu-els-compressors-incrementen-la-seva-carrega-de-treball\/","og_locale":"ca_ES","og_type":"article","og_title":"Per qu\u00e8 a l'estiu els compressors d'aire incrementen la c\u00e0rrega de feina? - Airmatic Industria","og_description":"Descobreix perqu\u00e8 a l'estiu els compressors d'aire incrementen la c\u00e0rrega de treball. Airmatic us ofereix la soluci\u00f3","og_url":"https:\/\/industria.airmatic.es\/ca\/per-que-a-lestiu-els-compressors-incrementen-la-seva-carrega-de-treball\/","og_site_name":"Airmatic Industria","article_published_time":"2021-12-28T14:16:04+00:00","article_modified_time":"2024-05-07T16:23:00+00:00","og_image":[{"width":1024,"height":834,"url":"https:\/\/industria.airmatic.es\/wp-content\/uploads\/2023\/06\/image-1-1024x834.png","type":"image\/png"}],"author":"Airmatic","twitter_card":"summary_large_image","twitter_misc":{"Escrit per":"Airmatic","Temps estimat de lectura":"2 minuts"},"schema":{"@context":"https:\/\/schema.org","@graph":[{"@type":"Article","@id":"https:\/\/industria.airmatic.es\/ca\/per-que-a-lestiu-els-compressors-incrementen-la-seva-carrega-de-treball\/#article","isPartOf":{"@id":"https:\/\/industria.airmatic.es\/ca\/per-que-a-lestiu-els-compressors-incrementen-la-seva-carrega-de-treball\/"},"author":{"name":"Airmatic","@id":"https:\/\/industria.airmatic.es\/ca\/#\/schema\/person\/adb7cb61859145bbee4eb5603ea57a1f"},"headline":"Per qu\u00e8 a l&#8217;estiu els compressors d&#8217;aire incrementen la c\u00e0rrega de feina?","datePublished":"2021-12-28T14:16:04+00:00","dateModified":"2024-05-07T16:23:00+00:00","mainEntityOfPage":{"@id":"https:\/\/industria.airmatic.es\/ca\/per-que-a-lestiu-els-compressors-incrementen-la-seva-carrega-de-treball\/"},"wordCount":375,"publisher":{"@id":"https:\/\/industria.airmatic.es\/ca\/#organization"},"image":{"@id":"https:\/\/industria.airmatic.es\/ca\/per-que-a-lestiu-els-compressors-incrementen-la-seva-carrega-de-treball\/#primaryimage"},"thumbnailUrl":"https:\/\/industria.airmatic.es\/wp-content\/uploads\/2023\/06\/image-1.png","keywords":["Refrigeraci\u00f3 industrial"],"articleSection":["Not\u00edcies","Refrigeraci\u00f3 Industrial"],"inLanguage":"ca"},{"@type":"WebPage","@id":"https:\/\/industria.airmatic.es\/ca\/per-que-a-lestiu-els-compressors-incrementen-la-seva-carrega-de-treball\/","url":"https:\/\/industria.airmatic.es\/ca\/per-que-a-lestiu-els-compressors-incrementen-la-seva-carrega-de-treball\/","name":"Per qu\u00e8 a l'estiu els compressors d'aire incrementen la c\u00e0rrega de feina? - Airmatic Industria","isPartOf":{"@id":"https:\/\/industria.airmatic.es\/ca\/#website"},"primaryImageOfPage":{"@id":"https:\/\/industria.airmatic.es\/ca\/per-que-a-lestiu-els-compressors-incrementen-la-seva-carrega-de-treball\/#primaryimage"},"image":{"@id":"https:\/\/industria.airmatic.es\/ca\/per-que-a-lestiu-els-compressors-incrementen-la-seva-carrega-de-treball\/#primaryimage"},"thumbnailUrl":"https:\/\/industria.airmatic.es\/wp-content\/uploads\/2023\/06\/image-1.png","datePublished":"2021-12-28T14:16:04+00:00","dateModified":"2024-05-07T16:23:00+00:00","description":"Descobreix perqu\u00e8 a l'estiu els compressors d'aire incrementen la c\u00e0rrega de treball. Airmatic us ofereix la soluci\u00f3","breadcrumb":{"@id":"https:\/\/industria.airmatic.es\/ca\/per-que-a-lestiu-els-compressors-incrementen-la-seva-carrega-de-treball\/#breadcrumb"},"inLanguage":"ca","potentialAction":[{"@type":"ReadAction","target":["https:\/\/industria.airmatic.es\/ca\/per-que-a-lestiu-els-compressors-incrementen-la-seva-carrega-de-treball\/"]}]},{"@type":"ImageObject","inLanguage":"ca","@id":"https:\/\/industria.airmatic.es\/ca\/per-que-a-lestiu-els-compressors-incrementen-la-seva-carrega-de-treball\/#primaryimage","url":"https:\/\/industria.airmatic.es\/wp-content\/uploads\/2023\/06\/image-1.png","contentUrl":"https:\/\/industria.airmatic.es\/wp-content\/uploads\/2023\/06\/image-1.png","width":2048,"height":1668},{"@type":"BreadcrumbList","@id":"https:\/\/industria.airmatic.es\/ca\/per-que-a-lestiu-els-compressors-incrementen-la-seva-carrega-de-treball\/#breadcrumb","itemListElement":[{"@type":"ListItem","position":1,"name":"Portada","item":"https:\/\/industria.airmatic.es\/ca\/inici\/"},{"@type":"ListItem","position":2,"name":"Per qu\u00e8 a l&#8217;estiu els compressors d&#8217;aire incrementen la c\u00e0rrega de feina?"}]},{"@type":"WebSite","@id":"https:\/\/industria.airmatic.es\/ca\/#website","url":"https:\/\/industria.airmatic.es\/ca\/","name":"Airmatic Industria","description":"","publisher":{"@id":"https:\/\/industria.airmatic.es\/ca\/#organization"},"potentialAction":[{"@type":"SearchAction","target":{"@type":"EntryPoint","urlTemplate":"https:\/\/industria.airmatic.es\/ca\/?s={search_term_string}"},"query-input":{"@type":"PropertyValueSpecification","valueRequired":true,"valueName":"search_term_string"}}],"inLanguage":"ca"},{"@type":"Organization","@id":"https:\/\/industria.airmatic.es\/ca\/#organization","name":"Airmatic Industria","url":"https:\/\/industria.airmatic.es\/ca\/","logo":{"@type":"ImageObject","inLanguage":"ca","@id":"https:\/\/industria.airmatic.es\/ca\/#\/schema\/logo\/image\/","url":"https:\/\/industria.airmatic.es\/wp-content\/uploads\/2024\/02\/cropped-Logotipo-Airmatic.png","contentUrl":"https:\/\/industria.airmatic.es\/wp-content\/uploads\/2024\/02\/cropped-Logotipo-Airmatic.png","width":400,"height":126,"caption":"Airmatic Industria"},"image":{"@id":"https:\/\/industria.airmatic.es\/ca\/#\/schema\/logo\/image\/"}},{"@type":"Person","@id":"https:\/\/industria.airmatic.es\/ca\/#\/schema\/person\/adb7cb61859145bbee4eb5603ea57a1f","name":"Airmatic","image":{"@type":"ImageObject","inLanguage":"ca","@id":"https:\/\/secure.gravatar.com\/avatar\/314446466896ba2cd3050a3060ff308dbe353dcb40efbae4a7298f902a1dd522?s=96&d=mm&r=g","url":"https:\/\/secure.gravatar.com\/avatar\/314446466896ba2cd3050a3060ff308dbe353dcb40efbae4a7298f902a1dd522?s=96&d=mm&r=g","contentUrl":"https:\/\/secure.gravatar.com\/avatar\/314446466896ba2cd3050a3060ff308dbe353dcb40efbae4a7298f902a1dd522?s=96&d=mm&r=g","caption":"Airmatic"}}]}},"_links":{"self":[{"href":"https:\/\/industria.airmatic.es\/ca\/wp-json\/wp\/v2\/posts\/3461","targetHints":{"allow":["GET"]}}],"collection":[{"href":"https:\/\/industria.airmatic.es\/ca\/wp-json\/wp\/v2\/posts"}],"about":[{"href":"https:\/\/industria.airmatic.es\/ca\/wp-json\/wp\/v2\/types\/post"}],"author":[{"embeddable":true,"href":"https:\/\/industria.airmatic.es\/ca\/wp-json\/wp\/v2\/users\/4"}],"replies":[{"embeddable":true,"href":"https:\/\/industria.airmatic.es\/ca\/wp-json\/wp\/v2\/comments?post=3461"}],"version-history":[{"count":0,"href":"https:\/\/industria.airmatic.es\/ca\/wp-json\/wp\/v2\/posts\/3461\/revisions"}],"wp:featuredmedia":[{"embeddable":true,"href":"https:\/\/industria.airmatic.es\/ca\/wp-json\/wp\/v2\/media\/2833"}],"wp:attachment":[{"href":"https:\/\/industria.airmatic.es\/ca\/wp-json\/wp\/v2\/media?parent=3461"}],"wp:term":[{"taxonomy":"category","embeddable":true,"href":"https:\/\/industria.airmatic.es\/ca\/wp-json\/wp\/v2\/categories?post=3461"},{"taxonomy":"post_tag","embeddable":true,"href":"https:\/\/industria.airmatic.es\/ca\/wp-json\/wp\/v2\/tags?post=3461"}],"curies":[{"name":"wp","href":"https:\/\/api.w.org\/{rel}","templated":true}]}}