{"id":3465,"date":"2021-08-18T09:26:00","date_gmt":"2021-08-18T07:26:00","guid":{"rendered":"https:\/\/industria.airmatic.es\/la-importancia-de-monitoritzar-el-consum-daire-comprimit\/"},"modified":"2025-11-27T12:37:40","modified_gmt":"2025-11-27T11:37:40","slug":"la-importancia-de-monitoritzar-el-consum-daire-comprimit","status":"publish","type":"post","link":"https:\/\/industria.airmatic.es\/ca\/la-importancia-de-monitoritzar-el-consum-daire-comprimit\/","title":{"rendered":"La import\u00e0ncia de monitoritzar el consum d&#8217;aire comprimit"},"content":{"rendered":"<p>En totes aquelles f\u00e0briques que utilitzen l&#8217; <strong><span style=\"color: #009fe3;\">aire comprimit com a font d&#8217;energia principal<\/span><\/strong> , \u00e9s fonamental disposar d&#8217;elements que permetin <strong>monitoritzar-ne el consum<\/strong> . La monitoritzaci\u00f3 adequada de l&#8217;aire comprimit no nom\u00e9s ajuda a reduir costos, sin\u00f3 que tamb\u00e9 millora l&#8217;efici\u00e8ncia operativa i la sostenibilitat ambiental de la planta.<\/p>\n<h3><span style=\"color: #009fe3;\">Els cabal\u00edmetres<\/span><\/h3>\n<p>Avui dia, els cabal\u00edmetres m\u00e0ssics permeten, de manera senzilla i econ\u00f2mica, monitoritzar el consum de l\u00ednies i aplicacions tant d&#8217;aire comprimit com de gasos. Aquestes eines s\u00f3n essencials per assolir diversos objectius clau en la gesti\u00f3 de l&#8217;aire comprimit:<\/p>\n<ul>\n<li><strong>Veure l&#8217;evoluci\u00f3 del consum de fuites:<\/strong> Els cabal\u00edmetres ajuden a identificar i quantificar les fuites al sistema. \u00c9s crucial per prendre mesures correctives i reduir el malbaratament d&#8217;energia.<\/li>\n<li><strong>Detectar possibles anomalies en processos:<\/strong> En monitoritzar el consum, es poden detectar desviacions inusuals. Aquestes podrien indicar problemes en els processos o el funcionament dels equips.<\/li>\n<li><strong>Monitoritzar l&#8217;evoluci\u00f3 a la demanda:<\/strong> Amb aquests dispositius, es pot seguir de prop com varia la demanda d&#8217;aire comprimit en diferents moments, facilitant la planificaci\u00f3 i l&#8217;adaptaci\u00f3 de la producci\u00f3.<\/li>\n<li><strong>Controlar centres de cost independents:<\/strong> Els cabal\u00edmetres permeten assignar amb precisi\u00f3 els costos d&#8217;energia a diferents departaments o processos. A m\u00e9s, promouen una gesti\u00f3 m\u00e9s eficient dels recursos.<\/li>\n<li><strong>Detectar oportunitats destalvi:<\/strong> La informaci\u00f3 detallada sobre el consum ajuda a identificar \u00e0rees on es poden implementar millores per reduir l\u00fas denergia i els costos associats.<\/li>\n<\/ul>\n<p>Aix\u00ed mateix, com que el consum d&#8217; <span style=\"color: #009fe3;\"><strong>aire comprimit \u00e9s proporcional a la producci\u00f3<\/strong>,<\/span> per a moltes f\u00e0briques el mesurament de cabal \u00e9s un dels <strong>indicadors<\/strong> instantanis m\u00e9s precisos. Es poden identificar rutines hor\u00e0ries, processos en funcionament i canvis de torn, entre d&#8217;altres aspectes operatius.<\/p>\n<p>Gr\u00e0cies als cabal\u00edmetres i a la informaci\u00f3 objectivo que ens aporta, podem con\u00e8ixer contrastar i predir consums i estalvis.<\/p>\n<p>Aquesta capacitat d&#8217;an\u00e0lisi i previsi\u00f3 \u00e9s fonamental per mantenir l&#8217;efici\u00e8ncia i la competitivitat en l&#8217;entorn industrial actual.<\/p>\n<hr>\n<p><strong>Vols saber com pots optimitzar la teva sala de compressors i aconseguir grans estalvis econ\u00f2mics i energ\u00e8tics?<\/strong><\/p>\n<p>Consulta la nostra p\u00e0gina de serveis d&#8217;Airmatic i posa&#8217;t en contacte amb un especialista:<br \/>\n<a href=\"https:\/\/industria.airmatic.es\/ca\/serveis\/\">https:\/\/industria.airmatic.es\/servicios\/<\/a><\/p>\n","protected":false},"excerpt":{"rendered":"<p>En totes aquelles f\u00e0briques que utilitzen l&#8217; aire comprimit com a font d&#8217;energia principal , \u00e9s fonamental disposar d&#8217;elements que permetin monitoritzar-ne el consum . La monitoritzaci\u00f3 adequada de l&#8217;aire comprimit no nom\u00e9s ajuda a reduir costos, sin\u00f3 que tamb\u00e9 millora l&#8217;efici\u00e8ncia operativa i la sostenibilitat ambiental de la planta. Els cabal\u00edmetres Avui dia, els [&hellip;]<\/p>\n","protected":false},"author":4,"featured_media":2935,"comment_status":"closed","ping_status":"closed","sticky":false,"template":"","format":"standard","meta":{"footnotes":""},"categories":[37,56,59],"tags":[82],"class_list":["post-3465","post","type-post","status-publish","format-standard","has-post-thumbnail","hentry","category-aire-comprimit","category-industries-i-aplicacions","category-noticies","tag-monitoritzacio"],"yoast_head":"<!-- This site is optimized with the Yoast SEO plugin v27.2 - https:\/\/yoast.com\/product\/yoast-seo-wordpress\/ -->\n<title>La import\u00e0ncia de monitoritzar el consum d&#039;aire comprimit - Airmatic Industria<\/title>\n<meta name=\"description\" content=\"Monitoritzar consum de l&#039;aire comprimit \u00e9s imprescindible per saber les variacions de consum de la teva planta\" \/>\n<meta name=\"robots\" content=\"index, follow, max-snippet:-1, max-image-preview:large, max-video-preview:-1\" \/>\n<link rel=\"canonical\" href=\"https:\/\/industria.airmatic.es\/ca\/la-importancia-de-monitoritzar-el-consum-daire-comprimit\/\" \/>\n<meta property=\"og:locale\" content=\"ca_ES\" \/>\n<meta property=\"og:type\" content=\"article\" \/>\n<meta property=\"og:title\" content=\"La import\u00e0ncia de monitoritzar el consum d&#039;aire comprimit - Airmatic Industria\" \/>\n<meta property=\"og:description\" content=\"Monitoritzar consum de l&#039;aire comprimit \u00e9s imprescindible per saber les variacions de consum de la teva planta\" \/>\n<meta property=\"og:url\" content=\"https:\/\/industria.airmatic.es\/ca\/la-importancia-de-monitoritzar-el-consum-daire-comprimit\/\" \/>\n<meta property=\"og:site_name\" content=\"Airmatic Industria\" \/>\n<meta property=\"article:published_time\" content=\"2021-08-18T07:26:00+00:00\" \/>\n<meta property=\"article:modified_time\" content=\"2025-11-27T11:37:40+00:00\" \/>\n<meta property=\"og:image\" content=\"https:\/\/industria.airmatic.es\/wp-content\/uploads\/2023\/09\/image-1.png\" \/>\n\t<meta property=\"og:image:width\" content=\"580\" \/>\n\t<meta property=\"og:image:height\" content=\"395\" \/>\n\t<meta property=\"og:image:type\" content=\"image\/png\" \/>\n<meta name=\"author\" content=\"Airmatic\" \/>\n<meta name=\"twitter:card\" content=\"summary_large_image\" \/>\n<meta name=\"twitter:label1\" content=\"Escrit per\" \/>\n\t<meta name=\"twitter:data1\" content=\"Airmatic\" \/>\n\t<meta name=\"twitter:label2\" content=\"Temps estimat de lectura\" \/>\n\t<meta name=\"twitter:data2\" content=\"2 minuts\" \/>\n<script type=\"application\/ld+json\" class=\"yoast-schema-graph\">{\"@context\":\"https:\/\/schema.org\",\"@graph\":[{\"@type\":\"Article\",\"@id\":\"https:\/\/industria.airmatic.es\/ca\/la-importancia-de-monitoritzar-el-consum-daire-comprimit\/#article\",\"isPartOf\":{\"@id\":\"https:\/\/industria.airmatic.es\/ca\/la-importancia-de-monitoritzar-el-consum-daire-comprimit\/\"},\"author\":{\"name\":\"Airmatic\",\"@id\":\"https:\/\/industria.airmatic.es\/ca\/#\/schema\/person\/adb7cb61859145bbee4eb5603ea57a1f\"},\"headline\":\"La import\u00e0ncia de monitoritzar el consum d&#8217;aire comprimit\",\"datePublished\":\"2021-08-18T07:26:00+00:00\",\"dateModified\":\"2025-11-27T11:37:40+00:00\",\"mainEntityOfPage\":{\"@id\":\"https:\/\/industria.airmatic.es\/ca\/la-importancia-de-monitoritzar-el-consum-daire-comprimit\/\"},\"wordCount\":397,\"publisher\":{\"@id\":\"https:\/\/industria.airmatic.es\/ca\/#organization\"},\"image\":{\"@id\":\"https:\/\/industria.airmatic.es\/ca\/la-importancia-de-monitoritzar-el-consum-daire-comprimit\/#primaryimage\"},\"thumbnailUrl\":\"https:\/\/industria.airmatic.es\/wp-content\/uploads\/2023\/09\/image-1.png\",\"keywords\":[\"Monitoritzaci\u00f3\"],\"articleSection\":[\"Aire Comprimit\",\"Ind\u00fastries i aplicacions\",\"Not\u00edcies\"],\"inLanguage\":\"ca\"},{\"@type\":\"WebPage\",\"@id\":\"https:\/\/industria.airmatic.es\/ca\/la-importancia-de-monitoritzar-el-consum-daire-comprimit\/\",\"url\":\"https:\/\/industria.airmatic.es\/ca\/la-importancia-de-monitoritzar-el-consum-daire-comprimit\/\",\"name\":\"La import\u00e0ncia de monitoritzar el consum d'aire comprimit - Airmatic Industria\",\"isPartOf\":{\"@id\":\"https:\/\/industria.airmatic.es\/ca\/#website\"},\"primaryImageOfPage\":{\"@id\":\"https:\/\/industria.airmatic.es\/ca\/la-importancia-de-monitoritzar-el-consum-daire-comprimit\/#primaryimage\"},\"image\":{\"@id\":\"https:\/\/industria.airmatic.es\/ca\/la-importancia-de-monitoritzar-el-consum-daire-comprimit\/#primaryimage\"},\"thumbnailUrl\":\"https:\/\/industria.airmatic.es\/wp-content\/uploads\/2023\/09\/image-1.png\",\"datePublished\":\"2021-08-18T07:26:00+00:00\",\"dateModified\":\"2025-11-27T11:37:40+00:00\",\"description\":\"Monitoritzar consum de l'aire comprimit \u00e9s imprescindible per saber les variacions de consum de la teva planta\",\"breadcrumb\":{\"@id\":\"https:\/\/industria.airmatic.es\/ca\/la-importancia-de-monitoritzar-el-consum-daire-comprimit\/#breadcrumb\"},\"inLanguage\":\"ca\",\"potentialAction\":[{\"@type\":\"ReadAction\",\"target\":[\"https:\/\/industria.airmatic.es\/ca\/la-importancia-de-monitoritzar-el-consum-daire-comprimit\/\"]}]},{\"@type\":\"ImageObject\",\"inLanguage\":\"ca\",\"@id\":\"https:\/\/industria.airmatic.es\/ca\/la-importancia-de-monitoritzar-el-consum-daire-comprimit\/#primaryimage\",\"url\":\"https:\/\/industria.airmatic.es\/wp-content\/uploads\/2023\/09\/image-1.png\",\"contentUrl\":\"https:\/\/industria.airmatic.es\/wp-content\/uploads\/2023\/09\/image-1.png\",\"width\":580,\"height\":395,\"caption\":\"Imagen detalle de un caudal\u00edmetro de CS Instruments\"},{\"@type\":\"BreadcrumbList\",\"@id\":\"https:\/\/industria.airmatic.es\/ca\/la-importancia-de-monitoritzar-el-consum-daire-comprimit\/#breadcrumb\",\"itemListElement\":[{\"@type\":\"ListItem\",\"position\":1,\"name\":\"Portada\",\"item\":\"https:\/\/industria.airmatic.es\/ca\/inici\/\"},{\"@type\":\"ListItem\",\"position\":2,\"name\":\"La import\u00e0ncia de monitoritzar el consum d&#8217;aire comprimit\"}]},{\"@type\":\"WebSite\",\"@id\":\"https:\/\/industria.airmatic.es\/ca\/#website\",\"url\":\"https:\/\/industria.airmatic.es\/ca\/\",\"name\":\"Airmatic Industria\",\"description\":\"\",\"publisher\":{\"@id\":\"https:\/\/industria.airmatic.es\/ca\/#organization\"},\"potentialAction\":[{\"@type\":\"SearchAction\",\"target\":{\"@type\":\"EntryPoint\",\"urlTemplate\":\"https:\/\/industria.airmatic.es\/ca\/?s={search_term_string}\"},\"query-input\":{\"@type\":\"PropertyValueSpecification\",\"valueRequired\":true,\"valueName\":\"search_term_string\"}}],\"inLanguage\":\"ca\"},{\"@type\":\"Organization\",\"@id\":\"https:\/\/industria.airmatic.es\/ca\/#organization\",\"name\":\"Airmatic Industria\",\"url\":\"https:\/\/industria.airmatic.es\/ca\/\",\"logo\":{\"@type\":\"ImageObject\",\"inLanguage\":\"ca\",\"@id\":\"https:\/\/industria.airmatic.es\/ca\/#\/schema\/logo\/image\/\",\"url\":\"https:\/\/industria.airmatic.es\/wp-content\/uploads\/2024\/02\/cropped-Logotipo-Airmatic.png\",\"contentUrl\":\"https:\/\/industria.airmatic.es\/wp-content\/uploads\/2024\/02\/cropped-Logotipo-Airmatic.png\",\"width\":400,\"height\":126,\"caption\":\"Airmatic Industria\"},\"image\":{\"@id\":\"https:\/\/industria.airmatic.es\/ca\/#\/schema\/logo\/image\/\"}},{\"@type\":\"Person\",\"@id\":\"https:\/\/industria.airmatic.es\/ca\/#\/schema\/person\/adb7cb61859145bbee4eb5603ea57a1f\",\"name\":\"Airmatic\",\"image\":{\"@type\":\"ImageObject\",\"inLanguage\":\"ca\",\"@id\":\"https:\/\/secure.gravatar.com\/avatar\/314446466896ba2cd3050a3060ff308dbe353dcb40efbae4a7298f902a1dd522?s=96&d=mm&r=g\",\"url\":\"https:\/\/secure.gravatar.com\/avatar\/314446466896ba2cd3050a3060ff308dbe353dcb40efbae4a7298f902a1dd522?s=96&d=mm&r=g\",\"contentUrl\":\"https:\/\/secure.gravatar.com\/avatar\/314446466896ba2cd3050a3060ff308dbe353dcb40efbae4a7298f902a1dd522?s=96&d=mm&r=g\",\"caption\":\"Airmatic\"}}]}<\/script>\n<!-- \/ Yoast SEO plugin. -->","yoast_head_json":{"title":"La import\u00e0ncia de monitoritzar el consum d'aire comprimit - Airmatic Industria","description":"Monitoritzar consum de l'aire comprimit \u00e9s imprescindible per saber les variacions de consum de la teva planta","robots":{"index":"index","follow":"follow","max-snippet":"max-snippet:-1","max-image-preview":"max-image-preview:large","max-video-preview":"max-video-preview:-1"},"canonical":"https:\/\/industria.airmatic.es\/ca\/la-importancia-de-monitoritzar-el-consum-daire-comprimit\/","og_locale":"ca_ES","og_type":"article","og_title":"La import\u00e0ncia de monitoritzar el consum d'aire comprimit - Airmatic Industria","og_description":"Monitoritzar consum de l'aire comprimit \u00e9s imprescindible per saber les variacions de consum de la teva planta","og_url":"https:\/\/industria.airmatic.es\/ca\/la-importancia-de-monitoritzar-el-consum-daire-comprimit\/","og_site_name":"Airmatic Industria","article_published_time":"2021-08-18T07:26:00+00:00","article_modified_time":"2025-11-27T11:37:40+00:00","og_image":[{"width":580,"height":395,"url":"https:\/\/industria.airmatic.es\/wp-content\/uploads\/2023\/09\/image-1.png","type":"image\/png"}],"author":"Airmatic","twitter_card":"summary_large_image","twitter_misc":{"Escrit per":"Airmatic","Temps estimat de lectura":"2 minuts"},"schema":{"@context":"https:\/\/schema.org","@graph":[{"@type":"Article","@id":"https:\/\/industria.airmatic.es\/ca\/la-importancia-de-monitoritzar-el-consum-daire-comprimit\/#article","isPartOf":{"@id":"https:\/\/industria.airmatic.es\/ca\/la-importancia-de-monitoritzar-el-consum-daire-comprimit\/"},"author":{"name":"Airmatic","@id":"https:\/\/industria.airmatic.es\/ca\/#\/schema\/person\/adb7cb61859145bbee4eb5603ea57a1f"},"headline":"La import\u00e0ncia de monitoritzar el consum d&#8217;aire comprimit","datePublished":"2021-08-18T07:26:00+00:00","dateModified":"2025-11-27T11:37:40+00:00","mainEntityOfPage":{"@id":"https:\/\/industria.airmatic.es\/ca\/la-importancia-de-monitoritzar-el-consum-daire-comprimit\/"},"wordCount":397,"publisher":{"@id":"https:\/\/industria.airmatic.es\/ca\/#organization"},"image":{"@id":"https:\/\/industria.airmatic.es\/ca\/la-importancia-de-monitoritzar-el-consum-daire-comprimit\/#primaryimage"},"thumbnailUrl":"https:\/\/industria.airmatic.es\/wp-content\/uploads\/2023\/09\/image-1.png","keywords":["Monitoritzaci\u00f3"],"articleSection":["Aire Comprimit","Ind\u00fastries i aplicacions","Not\u00edcies"],"inLanguage":"ca"},{"@type":"WebPage","@id":"https:\/\/industria.airmatic.es\/ca\/la-importancia-de-monitoritzar-el-consum-daire-comprimit\/","url":"https:\/\/industria.airmatic.es\/ca\/la-importancia-de-monitoritzar-el-consum-daire-comprimit\/","name":"La import\u00e0ncia de monitoritzar el consum d'aire comprimit - Airmatic Industria","isPartOf":{"@id":"https:\/\/industria.airmatic.es\/ca\/#website"},"primaryImageOfPage":{"@id":"https:\/\/industria.airmatic.es\/ca\/la-importancia-de-monitoritzar-el-consum-daire-comprimit\/#primaryimage"},"image":{"@id":"https:\/\/industria.airmatic.es\/ca\/la-importancia-de-monitoritzar-el-consum-daire-comprimit\/#primaryimage"},"thumbnailUrl":"https:\/\/industria.airmatic.es\/wp-content\/uploads\/2023\/09\/image-1.png","datePublished":"2021-08-18T07:26:00+00:00","dateModified":"2025-11-27T11:37:40+00:00","description":"Monitoritzar consum de l'aire comprimit \u00e9s imprescindible per saber les variacions de consum de la teva planta","breadcrumb":{"@id":"https:\/\/industria.airmatic.es\/ca\/la-importancia-de-monitoritzar-el-consum-daire-comprimit\/#breadcrumb"},"inLanguage":"ca","potentialAction":[{"@type":"ReadAction","target":["https:\/\/industria.airmatic.es\/ca\/la-importancia-de-monitoritzar-el-consum-daire-comprimit\/"]}]},{"@type":"ImageObject","inLanguage":"ca","@id":"https:\/\/industria.airmatic.es\/ca\/la-importancia-de-monitoritzar-el-consum-daire-comprimit\/#primaryimage","url":"https:\/\/industria.airmatic.es\/wp-content\/uploads\/2023\/09\/image-1.png","contentUrl":"https:\/\/industria.airmatic.es\/wp-content\/uploads\/2023\/09\/image-1.png","width":580,"height":395,"caption":"Imagen detalle de un caudal\u00edmetro de CS Instruments"},{"@type":"BreadcrumbList","@id":"https:\/\/industria.airmatic.es\/ca\/la-importancia-de-monitoritzar-el-consum-daire-comprimit\/#breadcrumb","itemListElement":[{"@type":"ListItem","position":1,"name":"Portada","item":"https:\/\/industria.airmatic.es\/ca\/inici\/"},{"@type":"ListItem","position":2,"name":"La import\u00e0ncia de monitoritzar el consum d&#8217;aire comprimit"}]},{"@type":"WebSite","@id":"https:\/\/industria.airmatic.es\/ca\/#website","url":"https:\/\/industria.airmatic.es\/ca\/","name":"Airmatic Industria","description":"","publisher":{"@id":"https:\/\/industria.airmatic.es\/ca\/#organization"},"potentialAction":[{"@type":"SearchAction","target":{"@type":"EntryPoint","urlTemplate":"https:\/\/industria.airmatic.es\/ca\/?s={search_term_string}"},"query-input":{"@type":"PropertyValueSpecification","valueRequired":true,"valueName":"search_term_string"}}],"inLanguage":"ca"},{"@type":"Organization","@id":"https:\/\/industria.airmatic.es\/ca\/#organization","name":"Airmatic Industria","url":"https:\/\/industria.airmatic.es\/ca\/","logo":{"@type":"ImageObject","inLanguage":"ca","@id":"https:\/\/industria.airmatic.es\/ca\/#\/schema\/logo\/image\/","url":"https:\/\/industria.airmatic.es\/wp-content\/uploads\/2024\/02\/cropped-Logotipo-Airmatic.png","contentUrl":"https:\/\/industria.airmatic.es\/wp-content\/uploads\/2024\/02\/cropped-Logotipo-Airmatic.png","width":400,"height":126,"caption":"Airmatic Industria"},"image":{"@id":"https:\/\/industria.airmatic.es\/ca\/#\/schema\/logo\/image\/"}},{"@type":"Person","@id":"https:\/\/industria.airmatic.es\/ca\/#\/schema\/person\/adb7cb61859145bbee4eb5603ea57a1f","name":"Airmatic","image":{"@type":"ImageObject","inLanguage":"ca","@id":"https:\/\/secure.gravatar.com\/avatar\/314446466896ba2cd3050a3060ff308dbe353dcb40efbae4a7298f902a1dd522?s=96&d=mm&r=g","url":"https:\/\/secure.gravatar.com\/avatar\/314446466896ba2cd3050a3060ff308dbe353dcb40efbae4a7298f902a1dd522?s=96&d=mm&r=g","contentUrl":"https:\/\/secure.gravatar.com\/avatar\/314446466896ba2cd3050a3060ff308dbe353dcb40efbae4a7298f902a1dd522?s=96&d=mm&r=g","caption":"Airmatic"}}]}},"_links":{"self":[{"href":"https:\/\/industria.airmatic.es\/ca\/wp-json\/wp\/v2\/posts\/3465","targetHints":{"allow":["GET"]}}],"collection":[{"href":"https:\/\/industria.airmatic.es\/ca\/wp-json\/wp\/v2\/posts"}],"about":[{"href":"https:\/\/industria.airmatic.es\/ca\/wp-json\/wp\/v2\/types\/post"}],"author":[{"embeddable":true,"href":"https:\/\/industria.airmatic.es\/ca\/wp-json\/wp\/v2\/users\/4"}],"replies":[{"embeddable":true,"href":"https:\/\/industria.airmatic.es\/ca\/wp-json\/wp\/v2\/comments?post=3465"}],"version-history":[{"count":0,"href":"https:\/\/industria.airmatic.es\/ca\/wp-json\/wp\/v2\/posts\/3465\/revisions"}],"wp:featuredmedia":[{"embeddable":true,"href":"https:\/\/industria.airmatic.es\/ca\/wp-json\/wp\/v2\/media\/2935"}],"wp:attachment":[{"href":"https:\/\/industria.airmatic.es\/ca\/wp-json\/wp\/v2\/media?parent=3465"}],"wp:term":[{"taxonomy":"category","embeddable":true,"href":"https:\/\/industria.airmatic.es\/ca\/wp-json\/wp\/v2\/categories?post=3465"},{"taxonomy":"post_tag","embeddable":true,"href":"https:\/\/industria.airmatic.es\/ca\/wp-json\/wp\/v2\/tags?post=3465"}],"curies":[{"name":"wp","href":"https:\/\/api.w.org\/{rel}","templated":true}]}}