{"id":4008,"date":"2021-11-26T11:59:45","date_gmt":"2021-11-26T10:59:45","guid":{"rendered":"https:\/\/industria.airmatic.es\/laire-comprimit-en-el-sector-alimentari\/"},"modified":"2025-11-10T11:10:05","modified_gmt":"2025-11-10T10:10:05","slug":"laire-comprimit-en-el-sector-alimentari","status":"publish","type":"post","link":"https:\/\/industria.airmatic.es\/ca\/laire-comprimit-en-el-sector-alimentari\/","title":{"rendered":"L&#8217;aire comprimit alimentari"},"content":{"rendered":"<p>A la ind\u00fastria d&#8217;aliments i begudes, els Responsables de Qualitat prefereixen treballar amb <strong>Aire comprimit alimentari, exempt d&#8217;Oli. <\/strong> Els compressors excents d&#8217;oli <strong>Atlas Copco<\/strong> son la soluci\u00f3 m\u00e9s segura per als processos que requereixen d&#8217;alts nivells de puressa. Sense oli, no hi ha risc de contaminaci\u00f3 ni de productes insegurs; assegurem la inocuitat de l&#8217;aire comprimit i la qualitat aliment\u00e0ria.<\/p>\n<p>Els compressors certificats clase 0 per T\u00dcV segons ISO 8573-1, son els adequats per <strong>aplicacions de transport neum\u00e0tic, fermentaci\u00f3, barreja, selecci\u00f3, envassat, neteja, instrumentaci\u00f3, etc.<\/strong><\/p>\n<p>Amb una xarxa de distribuci\u00f3 d&#8217;aire comprimit alimentari en bon estat, evitarem l&#8217;arrossegament de part\u00edcules d&#8217;\u00f2xid i brut\u00edcia. I si redu\u00efm el contingut d&#8217;humitat, evitarem la proliferaci\u00f3 de microorganismes.<\/p>\n<p>En cas d&#8217;utilitzar compressors lubricats, son necess\u00e0ries mesures de protecci\u00f3:<\/p>\n<ul>\n<li>Lubricants de compatibilitat aliment\u00e0ria<\/li>\n<li>Filtres coalescent per filtrar oli i part\u00edcules<\/li>\n<li>Filtres de carb\u00f3 actiu per absorvir olors<\/li>\n<li>Filtres de pols<\/li>\n<\/ul>\n<p>Molts clients ja confien en el nostre servei <strong><a style=\"color: #009fe3;\" href=\"https:\/\/www.airmatic.es\/es\/aire-servicios\/analisis-de-la-calidad-del-aire-comprimido-aqs\/\">AIR QUALITY SERVICE<\/a><\/strong> que identifica la quantitat d\u2019humitat, oli i part\u00edcules s\u00f2lides en el flux d\u2019aire comprimit i avalua fins a quin punt la pres\u00e8ncia d\u2019aquests contaminants afecta la qualitat de l\u2019aire comprimit alimentari que es requereix per al seu proc\u00e9s productiu.<\/p>\n<\/p>\n<p><iframe src=\"\/\/www.youtube.com\/embed\/hVCPlFpIEnU\" width=\"560\" height=\"314\" allowfullscreen=\"allowfullscreen\" data-mce-fragment=\"1\"><\/iframe><\/p>\n<p>Si la vostra empresa utilitza aire comprimit en el proc\u00e9s de fabricaci\u00f3 de producte alimentari, no dubteu a demanar assessorament al nostre equip per avaluar l&#8217;estat de la vostra l\u00ednia i poder fer un estudi sobre la qualitat d&#8217;aire comprimit alimentari que esteu obtenint dels vostres compressors.  <\/p>\n<p>Per a m\u00e9s informaci\u00f3:<\/p>\n<blockquote class=\"wp-embedded-content\" data-secret=\"utP8jGa8Ec\"><p><a href=\"https:\/\/industria.airmatic.es\/ca\/serveis\/\">Servicios<\/a><\/p><\/blockquote>\n<p><iframe class=\"wp-embedded-content\" sandbox=\"allow-scripts\" security=\"restricted\" style=\"position: absolute; visibility: hidden;\" title=\"&#8220;Servicios&#8221; &#8212; Airmatic Industria\" src=\"https:\/\/industria.airmatic.es\/ca\/serveis\/embed\/#?secret=E7TME6vKWC#?secret=utP8jGa8Ec\" data-secret=\"utP8jGa8Ec\" width=\"600\" height=\"338\" frameborder=\"0\" marginwidth=\"0\" marginheight=\"0\" scrolling=\"no\"><\/iframe><\/p><\/p>\n","protected":false},"excerpt":{"rendered":"<p>Com ha de ser l&#8217;aire comprimit aplicat a la ind\u00fastria aliment\u00e0ria. Tipus de compressors i nivell de qualitat<\/p>\n","protected":false},"author":4,"featured_media":3979,"comment_status":"open","ping_status":"open","sticky":false,"template":"","format":"standard","meta":{"footnotes":""},"categories":[37,56],"tags":[81],"class_list":["post-4008","post","type-post","status-publish","format-standard","has-post-thumbnail","hentry","category-aire-comprimit","category-industries-i-aplicacions","tag-aire-comprimit"],"yoast_head":"<!-- This site is optimized with the Yoast SEO plugin v27.2 - https:\/\/yoast.com\/product\/yoast-seo-wordpress\/ -->\n<title>L&#039;aire comprimit alimentari - Airmatic Industria<\/title>\n<meta name=\"description\" content=\"La qualitat aire comprimit alimentari ha de ser \u00f2ptima, sense olis i subst\u00e0ncies que en comprometin la producci\u00f3 final.\" \/>\n<meta name=\"robots\" content=\"index, follow, max-snippet:-1, max-image-preview:large, max-video-preview:-1\" \/>\n<link rel=\"canonical\" href=\"https:\/\/industria.airmatic.es\/ca\/laire-comprimit-en-el-sector-alimentari\/\" \/>\n<meta property=\"og:locale\" content=\"ca_ES\" \/>\n<meta property=\"og:type\" content=\"article\" \/>\n<meta property=\"og:title\" content=\"L&#039;aire comprimit alimentari - Airmatic Industria\" \/>\n<meta property=\"og:description\" content=\"La qualitat aire comprimit alimentari ha de ser \u00f2ptima, sense olis i subst\u00e0ncies que en comprometin la producci\u00f3 final.\" \/>\n<meta property=\"og:url\" content=\"https:\/\/industria.airmatic.es\/ca\/laire-comprimit-en-el-sector-alimentari\/\" \/>\n<meta property=\"og:site_name\" content=\"Airmatic Industria\" \/>\n<meta property=\"article:published_time\" content=\"2021-11-26T10:59:45+00:00\" \/>\n<meta property=\"article:modified_time\" content=\"2025-11-10T10:10:05+00:00\" \/>\n<meta property=\"og:image\" content=\"https:\/\/industria.airmatic.es\/wp-content\/uploads\/2023\/11\/aire-comprimido-sector-alimentario.jpg\" \/>\n\t<meta property=\"og:image:width\" content=\"545\" \/>\n\t<meta property=\"og:image:height\" content=\"308\" \/>\n\t<meta property=\"og:image:type\" content=\"image\/jpeg\" \/>\n<meta name=\"author\" content=\"Airmatic\" \/>\n<meta name=\"twitter:card\" content=\"summary_large_image\" \/>\n<meta name=\"twitter:label1\" content=\"Escrit per\" \/>\n\t<meta name=\"twitter:data1\" content=\"Airmatic\" \/>\n\t<meta name=\"twitter:label2\" content=\"Temps estimat de lectura\" \/>\n\t<meta name=\"twitter:data2\" content=\"1 minut\" \/>\n<script type=\"application\/ld+json\" class=\"yoast-schema-graph\">{\"@context\":\"https:\/\/schema.org\",\"@graph\":[{\"@type\":\"Article\",\"@id\":\"https:\/\/industria.airmatic.es\/ca\/laire-comprimit-en-el-sector-alimentari\/#article\",\"isPartOf\":{\"@id\":\"https:\/\/industria.airmatic.es\/ca\/laire-comprimit-en-el-sector-alimentari\/\"},\"author\":{\"name\":\"Airmatic\",\"@id\":\"https:\/\/industria.airmatic.es\/ca\/#\/schema\/person\/adb7cb61859145bbee4eb5603ea57a1f\"},\"headline\":\"L&#8217;aire comprimit alimentari\",\"datePublished\":\"2021-11-26T10:59:45+00:00\",\"dateModified\":\"2025-11-10T10:10:05+00:00\",\"mainEntityOfPage\":{\"@id\":\"https:\/\/industria.airmatic.es\/ca\/laire-comprimit-en-el-sector-alimentari\/\"},\"wordCount\":288,\"commentCount\":0,\"publisher\":{\"@id\":\"https:\/\/industria.airmatic.es\/ca\/#organization\"},\"image\":{\"@id\":\"https:\/\/industria.airmatic.es\/ca\/laire-comprimit-en-el-sector-alimentari\/#primaryimage\"},\"thumbnailUrl\":\"https:\/\/industria.airmatic.es\/wp-content\/uploads\/2023\/11\/aire-comprimido-sector-alimentario.jpg\",\"keywords\":[\"Aire comprimit\"],\"articleSection\":[\"Aire Comprimit\",\"Ind\u00fastries i aplicacions\"],\"inLanguage\":\"ca\",\"potentialAction\":[{\"@type\":\"CommentAction\",\"name\":\"Comment\",\"target\":[\"https:\/\/industria.airmatic.es\/ca\/laire-comprimit-en-el-sector-alimentari\/#respond\"]}]},{\"@type\":\"WebPage\",\"@id\":\"https:\/\/industria.airmatic.es\/ca\/laire-comprimit-en-el-sector-alimentari\/\",\"url\":\"https:\/\/industria.airmatic.es\/ca\/laire-comprimit-en-el-sector-alimentari\/\",\"name\":\"L'aire comprimit alimentari - Airmatic Industria\",\"isPartOf\":{\"@id\":\"https:\/\/industria.airmatic.es\/ca\/#website\"},\"primaryImageOfPage\":{\"@id\":\"https:\/\/industria.airmatic.es\/ca\/laire-comprimit-en-el-sector-alimentari\/#primaryimage\"},\"image\":{\"@id\":\"https:\/\/industria.airmatic.es\/ca\/laire-comprimit-en-el-sector-alimentari\/#primaryimage\"},\"thumbnailUrl\":\"https:\/\/industria.airmatic.es\/wp-content\/uploads\/2023\/11\/aire-comprimido-sector-alimentario.jpg\",\"datePublished\":\"2021-11-26T10:59:45+00:00\",\"dateModified\":\"2025-11-10T10:10:05+00:00\",\"description\":\"La qualitat aire comprimit alimentari ha de ser \u00f2ptima, sense olis i subst\u00e0ncies que en comprometin la producci\u00f3 final.\",\"breadcrumb\":{\"@id\":\"https:\/\/industria.airmatic.es\/ca\/laire-comprimit-en-el-sector-alimentari\/#breadcrumb\"},\"inLanguage\":\"ca\",\"potentialAction\":[{\"@type\":\"ReadAction\",\"target\":[\"https:\/\/industria.airmatic.es\/ca\/laire-comprimit-en-el-sector-alimentari\/\"]}]},{\"@type\":\"ImageObject\",\"inLanguage\":\"ca\",\"@id\":\"https:\/\/industria.airmatic.es\/ca\/laire-comprimit-en-el-sector-alimentari\/#primaryimage\",\"url\":\"https:\/\/industria.airmatic.es\/wp-content\/uploads\/2023\/11\/aire-comprimido-sector-alimentario.jpg\",\"contentUrl\":\"https:\/\/industria.airmatic.es\/wp-content\/uploads\/2023\/11\/aire-comprimido-sector-alimentario.jpg\",\"width\":545,\"height\":308,\"caption\":\"Imagen de una planta de producci\u00f3n de patatas fritas\"},{\"@type\":\"BreadcrumbList\",\"@id\":\"https:\/\/industria.airmatic.es\/ca\/laire-comprimit-en-el-sector-alimentari\/#breadcrumb\",\"itemListElement\":[{\"@type\":\"ListItem\",\"position\":1,\"name\":\"Portada\",\"item\":\"https:\/\/industria.airmatic.es\/ca\/inici\/\"},{\"@type\":\"ListItem\",\"position\":2,\"name\":\"L&#8217;aire comprimit alimentari\"}]},{\"@type\":\"WebSite\",\"@id\":\"https:\/\/industria.airmatic.es\/ca\/#website\",\"url\":\"https:\/\/industria.airmatic.es\/ca\/\",\"name\":\"Airmatic Industria\",\"description\":\"\",\"publisher\":{\"@id\":\"https:\/\/industria.airmatic.es\/ca\/#organization\"},\"potentialAction\":[{\"@type\":\"SearchAction\",\"target\":{\"@type\":\"EntryPoint\",\"urlTemplate\":\"https:\/\/industria.airmatic.es\/ca\/?s={search_term_string}\"},\"query-input\":{\"@type\":\"PropertyValueSpecification\",\"valueRequired\":true,\"valueName\":\"search_term_string\"}}],\"inLanguage\":\"ca\"},{\"@type\":\"Organization\",\"@id\":\"https:\/\/industria.airmatic.es\/ca\/#organization\",\"name\":\"Airmatic Industria\",\"url\":\"https:\/\/industria.airmatic.es\/ca\/\",\"logo\":{\"@type\":\"ImageObject\",\"inLanguage\":\"ca\",\"@id\":\"https:\/\/industria.airmatic.es\/ca\/#\/schema\/logo\/image\/\",\"url\":\"https:\/\/industria.airmatic.es\/wp-content\/uploads\/2024\/02\/cropped-Logotipo-Airmatic.png\",\"contentUrl\":\"https:\/\/industria.airmatic.es\/wp-content\/uploads\/2024\/02\/cropped-Logotipo-Airmatic.png\",\"width\":400,\"height\":126,\"caption\":\"Airmatic Industria\"},\"image\":{\"@id\":\"https:\/\/industria.airmatic.es\/ca\/#\/schema\/logo\/image\/\"}},{\"@type\":\"Person\",\"@id\":\"https:\/\/industria.airmatic.es\/ca\/#\/schema\/person\/adb7cb61859145bbee4eb5603ea57a1f\",\"name\":\"Airmatic\",\"image\":{\"@type\":\"ImageObject\",\"inLanguage\":\"ca\",\"@id\":\"https:\/\/secure.gravatar.com\/avatar\/314446466896ba2cd3050a3060ff308dbe353dcb40efbae4a7298f902a1dd522?s=96&d=mm&r=g\",\"url\":\"https:\/\/secure.gravatar.com\/avatar\/314446466896ba2cd3050a3060ff308dbe353dcb40efbae4a7298f902a1dd522?s=96&d=mm&r=g\",\"contentUrl\":\"https:\/\/secure.gravatar.com\/avatar\/314446466896ba2cd3050a3060ff308dbe353dcb40efbae4a7298f902a1dd522?s=96&d=mm&r=g\",\"caption\":\"Airmatic\"}}]}<\/script>\n<!-- \/ Yoast SEO plugin. -->","yoast_head_json":{"title":"L'aire comprimit alimentari - Airmatic Industria","description":"La qualitat aire comprimit alimentari ha de ser \u00f2ptima, sense olis i subst\u00e0ncies que en comprometin la producci\u00f3 final.","robots":{"index":"index","follow":"follow","max-snippet":"max-snippet:-1","max-image-preview":"max-image-preview:large","max-video-preview":"max-video-preview:-1"},"canonical":"https:\/\/industria.airmatic.es\/ca\/laire-comprimit-en-el-sector-alimentari\/","og_locale":"ca_ES","og_type":"article","og_title":"L'aire comprimit alimentari - Airmatic Industria","og_description":"La qualitat aire comprimit alimentari ha de ser \u00f2ptima, sense olis i subst\u00e0ncies que en comprometin la producci\u00f3 final.","og_url":"https:\/\/industria.airmatic.es\/ca\/laire-comprimit-en-el-sector-alimentari\/","og_site_name":"Airmatic Industria","article_published_time":"2021-11-26T10:59:45+00:00","article_modified_time":"2025-11-10T10:10:05+00:00","og_image":[{"width":545,"height":308,"url":"https:\/\/industria.airmatic.es\/wp-content\/uploads\/2023\/11\/aire-comprimido-sector-alimentario.jpg","type":"image\/jpeg"}],"author":"Airmatic","twitter_card":"summary_large_image","twitter_misc":{"Escrit per":"Airmatic","Temps estimat de lectura":"1 minut"},"schema":{"@context":"https:\/\/schema.org","@graph":[{"@type":"Article","@id":"https:\/\/industria.airmatic.es\/ca\/laire-comprimit-en-el-sector-alimentari\/#article","isPartOf":{"@id":"https:\/\/industria.airmatic.es\/ca\/laire-comprimit-en-el-sector-alimentari\/"},"author":{"name":"Airmatic","@id":"https:\/\/industria.airmatic.es\/ca\/#\/schema\/person\/adb7cb61859145bbee4eb5603ea57a1f"},"headline":"L&#8217;aire comprimit alimentari","datePublished":"2021-11-26T10:59:45+00:00","dateModified":"2025-11-10T10:10:05+00:00","mainEntityOfPage":{"@id":"https:\/\/industria.airmatic.es\/ca\/laire-comprimit-en-el-sector-alimentari\/"},"wordCount":288,"commentCount":0,"publisher":{"@id":"https:\/\/industria.airmatic.es\/ca\/#organization"},"image":{"@id":"https:\/\/industria.airmatic.es\/ca\/laire-comprimit-en-el-sector-alimentari\/#primaryimage"},"thumbnailUrl":"https:\/\/industria.airmatic.es\/wp-content\/uploads\/2023\/11\/aire-comprimido-sector-alimentario.jpg","keywords":["Aire comprimit"],"articleSection":["Aire Comprimit","Ind\u00fastries i aplicacions"],"inLanguage":"ca","potentialAction":[{"@type":"CommentAction","name":"Comment","target":["https:\/\/industria.airmatic.es\/ca\/laire-comprimit-en-el-sector-alimentari\/#respond"]}]},{"@type":"WebPage","@id":"https:\/\/industria.airmatic.es\/ca\/laire-comprimit-en-el-sector-alimentari\/","url":"https:\/\/industria.airmatic.es\/ca\/laire-comprimit-en-el-sector-alimentari\/","name":"L'aire comprimit alimentari - Airmatic Industria","isPartOf":{"@id":"https:\/\/industria.airmatic.es\/ca\/#website"},"primaryImageOfPage":{"@id":"https:\/\/industria.airmatic.es\/ca\/laire-comprimit-en-el-sector-alimentari\/#primaryimage"},"image":{"@id":"https:\/\/industria.airmatic.es\/ca\/laire-comprimit-en-el-sector-alimentari\/#primaryimage"},"thumbnailUrl":"https:\/\/industria.airmatic.es\/wp-content\/uploads\/2023\/11\/aire-comprimido-sector-alimentario.jpg","datePublished":"2021-11-26T10:59:45+00:00","dateModified":"2025-11-10T10:10:05+00:00","description":"La qualitat aire comprimit alimentari ha de ser \u00f2ptima, sense olis i subst\u00e0ncies que en comprometin la producci\u00f3 final.","breadcrumb":{"@id":"https:\/\/industria.airmatic.es\/ca\/laire-comprimit-en-el-sector-alimentari\/#breadcrumb"},"inLanguage":"ca","potentialAction":[{"@type":"ReadAction","target":["https:\/\/industria.airmatic.es\/ca\/laire-comprimit-en-el-sector-alimentari\/"]}]},{"@type":"ImageObject","inLanguage":"ca","@id":"https:\/\/industria.airmatic.es\/ca\/laire-comprimit-en-el-sector-alimentari\/#primaryimage","url":"https:\/\/industria.airmatic.es\/wp-content\/uploads\/2023\/11\/aire-comprimido-sector-alimentario.jpg","contentUrl":"https:\/\/industria.airmatic.es\/wp-content\/uploads\/2023\/11\/aire-comprimido-sector-alimentario.jpg","width":545,"height":308,"caption":"Imagen de una planta de producci\u00f3n de patatas fritas"},{"@type":"BreadcrumbList","@id":"https:\/\/industria.airmatic.es\/ca\/laire-comprimit-en-el-sector-alimentari\/#breadcrumb","itemListElement":[{"@type":"ListItem","position":1,"name":"Portada","item":"https:\/\/industria.airmatic.es\/ca\/inici\/"},{"@type":"ListItem","position":2,"name":"L&#8217;aire comprimit alimentari"}]},{"@type":"WebSite","@id":"https:\/\/industria.airmatic.es\/ca\/#website","url":"https:\/\/industria.airmatic.es\/ca\/","name":"Airmatic Industria","description":"","publisher":{"@id":"https:\/\/industria.airmatic.es\/ca\/#organization"},"potentialAction":[{"@type":"SearchAction","target":{"@type":"EntryPoint","urlTemplate":"https:\/\/industria.airmatic.es\/ca\/?s={search_term_string}"},"query-input":{"@type":"PropertyValueSpecification","valueRequired":true,"valueName":"search_term_string"}}],"inLanguage":"ca"},{"@type":"Organization","@id":"https:\/\/industria.airmatic.es\/ca\/#organization","name":"Airmatic Industria","url":"https:\/\/industria.airmatic.es\/ca\/","logo":{"@type":"ImageObject","inLanguage":"ca","@id":"https:\/\/industria.airmatic.es\/ca\/#\/schema\/logo\/image\/","url":"https:\/\/industria.airmatic.es\/wp-content\/uploads\/2024\/02\/cropped-Logotipo-Airmatic.png","contentUrl":"https:\/\/industria.airmatic.es\/wp-content\/uploads\/2024\/02\/cropped-Logotipo-Airmatic.png","width":400,"height":126,"caption":"Airmatic Industria"},"image":{"@id":"https:\/\/industria.airmatic.es\/ca\/#\/schema\/logo\/image\/"}},{"@type":"Person","@id":"https:\/\/industria.airmatic.es\/ca\/#\/schema\/person\/adb7cb61859145bbee4eb5603ea57a1f","name":"Airmatic","image":{"@type":"ImageObject","inLanguage":"ca","@id":"https:\/\/secure.gravatar.com\/avatar\/314446466896ba2cd3050a3060ff308dbe353dcb40efbae4a7298f902a1dd522?s=96&d=mm&r=g","url":"https:\/\/secure.gravatar.com\/avatar\/314446466896ba2cd3050a3060ff308dbe353dcb40efbae4a7298f902a1dd522?s=96&d=mm&r=g","contentUrl":"https:\/\/secure.gravatar.com\/avatar\/314446466896ba2cd3050a3060ff308dbe353dcb40efbae4a7298f902a1dd522?s=96&d=mm&r=g","caption":"Airmatic"}}]}},"_links":{"self":[{"href":"https:\/\/industria.airmatic.es\/ca\/wp-json\/wp\/v2\/posts\/4008","targetHints":{"allow":["GET"]}}],"collection":[{"href":"https:\/\/industria.airmatic.es\/ca\/wp-json\/wp\/v2\/posts"}],"about":[{"href":"https:\/\/industria.airmatic.es\/ca\/wp-json\/wp\/v2\/types\/post"}],"author":[{"embeddable":true,"href":"https:\/\/industria.airmatic.es\/ca\/wp-json\/wp\/v2\/users\/4"}],"replies":[{"embeddable":true,"href":"https:\/\/industria.airmatic.es\/ca\/wp-json\/wp\/v2\/comments?post=4008"}],"version-history":[{"count":0,"href":"https:\/\/industria.airmatic.es\/ca\/wp-json\/wp\/v2\/posts\/4008\/revisions"}],"wp:featuredmedia":[{"embeddable":true,"href":"https:\/\/industria.airmatic.es\/ca\/wp-json\/wp\/v2\/media\/3979"}],"wp:attachment":[{"href":"https:\/\/industria.airmatic.es\/ca\/wp-json\/wp\/v2\/media?parent=4008"}],"wp:term":[{"taxonomy":"category","embeddable":true,"href":"https:\/\/industria.airmatic.es\/ca\/wp-json\/wp\/v2\/categories?post=4008"},{"taxonomy":"post_tag","embeddable":true,"href":"https:\/\/industria.airmatic.es\/ca\/wp-json\/wp\/v2\/tags?post=4008"}],"curies":[{"name":"wp","href":"https:\/\/api.w.org\/{rel}","templated":true}]}}