{"id":4016,"date":"2021-02-26T11:43:16","date_gmt":"2021-02-26T10:43:16","guid":{"rendered":"https:\/\/industria.airmatic.es\/aire-comprmit-ultrasec-per-a-processos-critics-2\/"},"modified":"2024-05-15T18:30:50","modified_gmt":"2024-05-15T16:30:50","slug":"aire-comprmit-ultrasec-per-a-processos-critics-2","status":"publish","type":"post","link":"https:\/\/industria.airmatic.es\/ca\/aire-comprmit-ultrasec-per-a-processos-critics-2\/","title":{"rendered":"Aire Comprmit ultrasec per a processos cr\u00edtics"},"content":{"rendered":"<p><span lang=\"ES\">La humitat a l&#8217;aire comprimit \u00e9s un dels 3 factors que defineixen el seu grau de qualitat, conjuntament amb l&#8217;oli i les part\u00edcules.<\/span><\/p>\n<p><span lang=\"ES\">Un assecador frigor\u00edfic \u00e9s ideal per a protegir la nostra maquin\u00e0ria a un cost raonable, per\u00f2 en aplicacions cr\u00edtiques on aquest nivell d&#8217;assecat no \u00e9s suficient, \u00e9s necessari rec\u00f2rrer a tecnologies d&#8217;adsorci\u00f3 que acostument a implicar un cost energ\u00e8tic molt superior.<\/span><\/p>\n<p>Es aconsellable definir b\u00e9 el nivell de sequetat i invertir en tecnologia eficient, ja que el cost derivat d&#8217;aquesta tecnolog\u00eda d&#8217;assecat pot representar uns 13.000\u20ac anuals per cada 100 kW de potencia instal\u00b7lada de compressor.<\/p>\n<p><strong><span lang=\"ES\">EL SISTEMA DE REGENERACI\u00d3 I EL DISSENY DE LA SOLUCI\u00d3, DEFINEIXEN EL SEU COST D&#8217;\u00daS.<\/span><\/strong><\/p>\n<p><span lang=\"ES\">Els assecador <strong>Atlas Copco BD<\/strong> utilitzen una bufant externa i escalfadors de baix consum, amb m\u00ednima p\u00e8rdua de c\u00e0rrega i dessecant d&#8217;alta adsorci\u00f3. Aquesta combinaci\u00f3 aporta la sequetat requerida amb menys consum energ\u00e8tic fins a un punt de rosada de -70\u00baC, garantintzant la m\u00e0xima fiabilitat.<\/span><\/p>\n<p>Una instal\u00b7laci\u00f3 ben dissenyada amb un assecador d&#8217;adsorci\u00f3 <strong>Atlas Copco BD<\/strong>, pot consumir una quarta part del que consumiria una instal\u00b7laci\u00f3 amb un assecador regenerat per aire comprimit.<\/p>\n","protected":false},"excerpt":{"rendered":"<p>La humitat a l&#8217;aire comprimit \u00e9s un dels 3 factors que defineixen el seu grau de qualitat, conjuntament amb l&#8217;oli i les part\u00edcules. Un assecador frigor\u00edfic \u00e9s ideal per a protegir la nostra maquin\u00e0ria a un cost raonable, per\u00f2 en aplicacions cr\u00edtiques on aquest nivell d&#8217;assecat no \u00e9s suficient, \u00e9s necessari rec\u00f2rrer a tecnologies d&#8217;adsorci\u00f3 [&hellip;]<\/p>\n","protected":false},"author":4,"featured_media":3971,"comment_status":"open","ping_status":"open","sticky":false,"template":"","format":"standard","meta":{"footnotes":""},"categories":[37,56],"tags":[81],"class_list":["post-4016","post","type-post","status-publish","format-standard","has-post-thumbnail","hentry","category-aire-comprimit","category-industries-i-aplicacions","tag-aire-comprimit"],"yoast_head":"<!-- This site is optimized with the Yoast SEO plugin v27.2 - https:\/\/yoast.com\/product\/yoast-seo-wordpress\/ -->\n<title>Aire Comprmit ultrasec per a processos cr\u00edtics - Airmatic Industria<\/title>\n<meta name=\"robots\" content=\"index, follow, max-snippet:-1, max-image-preview:large, max-video-preview:-1\" \/>\n<link rel=\"canonical\" href=\"https:\/\/industria.airmatic.es\/ca\/aire-comprmit-ultrasec-per-a-processos-critics-2\/\" \/>\n<meta property=\"og:locale\" content=\"ca_ES\" \/>\n<meta property=\"og:type\" content=\"article\" \/>\n<meta property=\"og:title\" content=\"Aire Comprmit ultrasec per a processos cr\u00edtics - Airmatic Industria\" \/>\n<meta property=\"og:description\" content=\"La humitat a l&#8217;aire comprimit \u00e9s un dels 3 factors que defineixen el seu grau de qualitat, conjuntament amb l&#8217;oli i les part\u00edcules. Un assecador frigor\u00edfic \u00e9s ideal per a protegir la nostra maquin\u00e0ria a un cost raonable, per\u00f2 en aplicacions cr\u00edtiques on aquest nivell d&#8217;assecat no \u00e9s suficient, \u00e9s necessari rec\u00f2rrer a tecnologies d&#8217;adsorci\u00f3 [&hellip;]\" \/>\n<meta property=\"og:url\" content=\"https:\/\/industria.airmatic.es\/ca\/aire-comprmit-ultrasec-per-a-processos-critics-2\/\" \/>\n<meta property=\"og:site_name\" content=\"Airmatic Industria\" \/>\n<meta property=\"article:published_time\" content=\"2021-02-26T10:43:16+00:00\" \/>\n<meta property=\"article:modified_time\" content=\"2024-05-15T16:30:50+00:00\" \/>\n<meta property=\"og:image\" content=\"https:\/\/industria.airmatic.es\/wp-content\/uploads\/2023\/11\/tanque-aire-comprimido.jpg\" \/>\n\t<meta property=\"og:image:width\" content=\"800\" \/>\n\t<meta property=\"og:image:height\" content=\"752\" \/>\n\t<meta property=\"og:image:type\" content=\"image\/jpeg\" \/>\n<meta name=\"author\" content=\"Airmatic\" \/>\n<meta name=\"twitter:card\" content=\"summary_large_image\" \/>\n<meta name=\"twitter:label1\" content=\"Escrit per\" \/>\n\t<meta name=\"twitter:data1\" content=\"Airmatic\" \/>\n\t<meta name=\"twitter:label2\" content=\"Temps estimat de lectura\" \/>\n\t<meta name=\"twitter:data2\" content=\"1 minut\" \/>\n<script type=\"application\/ld+json\" class=\"yoast-schema-graph\">{\"@context\":\"https:\/\/schema.org\",\"@graph\":[{\"@type\":\"Article\",\"@id\":\"https:\/\/industria.airmatic.es\/ca\/aire-comprmit-ultrasec-per-a-processos-critics-2\/#article\",\"isPartOf\":{\"@id\":\"https:\/\/industria.airmatic.es\/ca\/aire-comprmit-ultrasec-per-a-processos-critics-2\/\"},\"author\":{\"name\":\"Airmatic\",\"@id\":\"https:\/\/industria.airmatic.es\/ca\/#\/schema\/person\/adb7cb61859145bbee4eb5603ea57a1f\"},\"headline\":\"Aire Comprmit ultrasec per a processos cr\u00edtics\",\"datePublished\":\"2021-02-26T10:43:16+00:00\",\"dateModified\":\"2024-05-15T16:30:50+00:00\",\"mainEntityOfPage\":{\"@id\":\"https:\/\/industria.airmatic.es\/ca\/aire-comprmit-ultrasec-per-a-processos-critics-2\/\"},\"wordCount\":217,\"commentCount\":0,\"publisher\":{\"@id\":\"https:\/\/industria.airmatic.es\/ca\/#organization\"},\"image\":{\"@id\":\"https:\/\/industria.airmatic.es\/ca\/aire-comprmit-ultrasec-per-a-processos-critics-2\/#primaryimage\"},\"thumbnailUrl\":\"https:\/\/industria.airmatic.es\/wp-content\/uploads\/2023\/11\/tanque-aire-comprimido.jpg\",\"keywords\":[\"Aire comprimit\"],\"articleSection\":[\"Aire Comprimit\",\"Ind\u00fastries i aplicacions\"],\"inLanguage\":\"ca\",\"potentialAction\":[{\"@type\":\"CommentAction\",\"name\":\"Comment\",\"target\":[\"https:\/\/industria.airmatic.es\/ca\/aire-comprmit-ultrasec-per-a-processos-critics-2\/#respond\"]}]},{\"@type\":\"WebPage\",\"@id\":\"https:\/\/industria.airmatic.es\/ca\/aire-comprmit-ultrasec-per-a-processos-critics-2\/\",\"url\":\"https:\/\/industria.airmatic.es\/ca\/aire-comprmit-ultrasec-per-a-processos-critics-2\/\",\"name\":\"Aire Comprmit ultrasec per a processos cr\u00edtics - Airmatic Industria\",\"isPartOf\":{\"@id\":\"https:\/\/industria.airmatic.es\/ca\/#website\"},\"primaryImageOfPage\":{\"@id\":\"https:\/\/industria.airmatic.es\/ca\/aire-comprmit-ultrasec-per-a-processos-critics-2\/#primaryimage\"},\"image\":{\"@id\":\"https:\/\/industria.airmatic.es\/ca\/aire-comprmit-ultrasec-per-a-processos-critics-2\/#primaryimage\"},\"thumbnailUrl\":\"https:\/\/industria.airmatic.es\/wp-content\/uploads\/2023\/11\/tanque-aire-comprimido.jpg\",\"datePublished\":\"2021-02-26T10:43:16+00:00\",\"dateModified\":\"2024-05-15T16:30:50+00:00\",\"breadcrumb\":{\"@id\":\"https:\/\/industria.airmatic.es\/ca\/aire-comprmit-ultrasec-per-a-processos-critics-2\/#breadcrumb\"},\"inLanguage\":\"ca\",\"potentialAction\":[{\"@type\":\"ReadAction\",\"target\":[\"https:\/\/industria.airmatic.es\/ca\/aire-comprmit-ultrasec-per-a-processos-critics-2\/\"]}]},{\"@type\":\"ImageObject\",\"inLanguage\":\"ca\",\"@id\":\"https:\/\/industria.airmatic.es\/ca\/aire-comprmit-ultrasec-per-a-processos-critics-2\/#primaryimage\",\"url\":\"https:\/\/industria.airmatic.es\/wp-content\/uploads\/2023\/11\/tanque-aire-comprimido.jpg\",\"contentUrl\":\"https:\/\/industria.airmatic.es\/wp-content\/uploads\/2023\/11\/tanque-aire-comprimido.jpg\",\"width\":800,\"height\":752,\"caption\":\"Esta imagen muestra un tanque de aire comprimido con un panel de control. El tanque es grande y est\u00e1 hecho de acero inoxidable. El panel de control permite controlar el flujo de aire comprimido, la presi\u00f3n y la temperatura.\"},{\"@type\":\"BreadcrumbList\",\"@id\":\"https:\/\/industria.airmatic.es\/ca\/aire-comprmit-ultrasec-per-a-processos-critics-2\/#breadcrumb\",\"itemListElement\":[{\"@type\":\"ListItem\",\"position\":1,\"name\":\"Portada\",\"item\":\"https:\/\/industria.airmatic.es\/ca\/inici\/\"},{\"@type\":\"ListItem\",\"position\":2,\"name\":\"Aire Comprmit ultrasec per a processos cr\u00edtics\"}]},{\"@type\":\"WebSite\",\"@id\":\"https:\/\/industria.airmatic.es\/ca\/#website\",\"url\":\"https:\/\/industria.airmatic.es\/ca\/\",\"name\":\"Airmatic Industria\",\"description\":\"\",\"publisher\":{\"@id\":\"https:\/\/industria.airmatic.es\/ca\/#organization\"},\"potentialAction\":[{\"@type\":\"SearchAction\",\"target\":{\"@type\":\"EntryPoint\",\"urlTemplate\":\"https:\/\/industria.airmatic.es\/ca\/?s={search_term_string}\"},\"query-input\":{\"@type\":\"PropertyValueSpecification\",\"valueRequired\":true,\"valueName\":\"search_term_string\"}}],\"inLanguage\":\"ca\"},{\"@type\":\"Organization\",\"@id\":\"https:\/\/industria.airmatic.es\/ca\/#organization\",\"name\":\"Airmatic Industria\",\"url\":\"https:\/\/industria.airmatic.es\/ca\/\",\"logo\":{\"@type\":\"ImageObject\",\"inLanguage\":\"ca\",\"@id\":\"https:\/\/industria.airmatic.es\/ca\/#\/schema\/logo\/image\/\",\"url\":\"https:\/\/industria.airmatic.es\/wp-content\/uploads\/2024\/02\/cropped-Logotipo-Airmatic.png\",\"contentUrl\":\"https:\/\/industria.airmatic.es\/wp-content\/uploads\/2024\/02\/cropped-Logotipo-Airmatic.png\",\"width\":400,\"height\":126,\"caption\":\"Airmatic Industria\"},\"image\":{\"@id\":\"https:\/\/industria.airmatic.es\/ca\/#\/schema\/logo\/image\/\"}},{\"@type\":\"Person\",\"@id\":\"https:\/\/industria.airmatic.es\/ca\/#\/schema\/person\/adb7cb61859145bbee4eb5603ea57a1f\",\"name\":\"Airmatic\",\"image\":{\"@type\":\"ImageObject\",\"inLanguage\":\"ca\",\"@id\":\"https:\/\/secure.gravatar.com\/avatar\/314446466896ba2cd3050a3060ff308dbe353dcb40efbae4a7298f902a1dd522?s=96&d=mm&r=g\",\"url\":\"https:\/\/secure.gravatar.com\/avatar\/314446466896ba2cd3050a3060ff308dbe353dcb40efbae4a7298f902a1dd522?s=96&d=mm&r=g\",\"contentUrl\":\"https:\/\/secure.gravatar.com\/avatar\/314446466896ba2cd3050a3060ff308dbe353dcb40efbae4a7298f902a1dd522?s=96&d=mm&r=g\",\"caption\":\"Airmatic\"}}]}<\/script>\n<!-- \/ Yoast SEO plugin. -->","yoast_head_json":{"title":"Aire Comprmit ultrasec per a processos cr\u00edtics - Airmatic Industria","robots":{"index":"index","follow":"follow","max-snippet":"max-snippet:-1","max-image-preview":"max-image-preview:large","max-video-preview":"max-video-preview:-1"},"canonical":"https:\/\/industria.airmatic.es\/ca\/aire-comprmit-ultrasec-per-a-processos-critics-2\/","og_locale":"ca_ES","og_type":"article","og_title":"Aire Comprmit ultrasec per a processos cr\u00edtics - Airmatic Industria","og_description":"La humitat a l&#8217;aire comprimit \u00e9s un dels 3 factors que defineixen el seu grau de qualitat, conjuntament amb l&#8217;oli i les part\u00edcules. Un assecador frigor\u00edfic \u00e9s ideal per a protegir la nostra maquin\u00e0ria a un cost raonable, per\u00f2 en aplicacions cr\u00edtiques on aquest nivell d&#8217;assecat no \u00e9s suficient, \u00e9s necessari rec\u00f2rrer a tecnologies d&#8217;adsorci\u00f3 [&hellip;]","og_url":"https:\/\/industria.airmatic.es\/ca\/aire-comprmit-ultrasec-per-a-processos-critics-2\/","og_site_name":"Airmatic Industria","article_published_time":"2021-02-26T10:43:16+00:00","article_modified_time":"2024-05-15T16:30:50+00:00","og_image":[{"width":800,"height":752,"url":"https:\/\/industria.airmatic.es\/wp-content\/uploads\/2023\/11\/tanque-aire-comprimido.jpg","type":"image\/jpeg"}],"author":"Airmatic","twitter_card":"summary_large_image","twitter_misc":{"Escrit per":"Airmatic","Temps estimat de lectura":"1 minut"},"schema":{"@context":"https:\/\/schema.org","@graph":[{"@type":"Article","@id":"https:\/\/industria.airmatic.es\/ca\/aire-comprmit-ultrasec-per-a-processos-critics-2\/#article","isPartOf":{"@id":"https:\/\/industria.airmatic.es\/ca\/aire-comprmit-ultrasec-per-a-processos-critics-2\/"},"author":{"name":"Airmatic","@id":"https:\/\/industria.airmatic.es\/ca\/#\/schema\/person\/adb7cb61859145bbee4eb5603ea57a1f"},"headline":"Aire Comprmit ultrasec per a processos cr\u00edtics","datePublished":"2021-02-26T10:43:16+00:00","dateModified":"2024-05-15T16:30:50+00:00","mainEntityOfPage":{"@id":"https:\/\/industria.airmatic.es\/ca\/aire-comprmit-ultrasec-per-a-processos-critics-2\/"},"wordCount":217,"commentCount":0,"publisher":{"@id":"https:\/\/industria.airmatic.es\/ca\/#organization"},"image":{"@id":"https:\/\/industria.airmatic.es\/ca\/aire-comprmit-ultrasec-per-a-processos-critics-2\/#primaryimage"},"thumbnailUrl":"https:\/\/industria.airmatic.es\/wp-content\/uploads\/2023\/11\/tanque-aire-comprimido.jpg","keywords":["Aire comprimit"],"articleSection":["Aire Comprimit","Ind\u00fastries i aplicacions"],"inLanguage":"ca","potentialAction":[{"@type":"CommentAction","name":"Comment","target":["https:\/\/industria.airmatic.es\/ca\/aire-comprmit-ultrasec-per-a-processos-critics-2\/#respond"]}]},{"@type":"WebPage","@id":"https:\/\/industria.airmatic.es\/ca\/aire-comprmit-ultrasec-per-a-processos-critics-2\/","url":"https:\/\/industria.airmatic.es\/ca\/aire-comprmit-ultrasec-per-a-processos-critics-2\/","name":"Aire Comprmit ultrasec per a processos cr\u00edtics - Airmatic Industria","isPartOf":{"@id":"https:\/\/industria.airmatic.es\/ca\/#website"},"primaryImageOfPage":{"@id":"https:\/\/industria.airmatic.es\/ca\/aire-comprmit-ultrasec-per-a-processos-critics-2\/#primaryimage"},"image":{"@id":"https:\/\/industria.airmatic.es\/ca\/aire-comprmit-ultrasec-per-a-processos-critics-2\/#primaryimage"},"thumbnailUrl":"https:\/\/industria.airmatic.es\/wp-content\/uploads\/2023\/11\/tanque-aire-comprimido.jpg","datePublished":"2021-02-26T10:43:16+00:00","dateModified":"2024-05-15T16:30:50+00:00","breadcrumb":{"@id":"https:\/\/industria.airmatic.es\/ca\/aire-comprmit-ultrasec-per-a-processos-critics-2\/#breadcrumb"},"inLanguage":"ca","potentialAction":[{"@type":"ReadAction","target":["https:\/\/industria.airmatic.es\/ca\/aire-comprmit-ultrasec-per-a-processos-critics-2\/"]}]},{"@type":"ImageObject","inLanguage":"ca","@id":"https:\/\/industria.airmatic.es\/ca\/aire-comprmit-ultrasec-per-a-processos-critics-2\/#primaryimage","url":"https:\/\/industria.airmatic.es\/wp-content\/uploads\/2023\/11\/tanque-aire-comprimido.jpg","contentUrl":"https:\/\/industria.airmatic.es\/wp-content\/uploads\/2023\/11\/tanque-aire-comprimido.jpg","width":800,"height":752,"caption":"Esta imagen muestra un tanque de aire comprimido con un panel de control. El tanque es grande y est\u00e1 hecho de acero inoxidable. El panel de control permite controlar el flujo de aire comprimido, la presi\u00f3n y la temperatura."},{"@type":"BreadcrumbList","@id":"https:\/\/industria.airmatic.es\/ca\/aire-comprmit-ultrasec-per-a-processos-critics-2\/#breadcrumb","itemListElement":[{"@type":"ListItem","position":1,"name":"Portada","item":"https:\/\/industria.airmatic.es\/ca\/inici\/"},{"@type":"ListItem","position":2,"name":"Aire Comprmit ultrasec per a processos cr\u00edtics"}]},{"@type":"WebSite","@id":"https:\/\/industria.airmatic.es\/ca\/#website","url":"https:\/\/industria.airmatic.es\/ca\/","name":"Airmatic Industria","description":"","publisher":{"@id":"https:\/\/industria.airmatic.es\/ca\/#organization"},"potentialAction":[{"@type":"SearchAction","target":{"@type":"EntryPoint","urlTemplate":"https:\/\/industria.airmatic.es\/ca\/?s={search_term_string}"},"query-input":{"@type":"PropertyValueSpecification","valueRequired":true,"valueName":"search_term_string"}}],"inLanguage":"ca"},{"@type":"Organization","@id":"https:\/\/industria.airmatic.es\/ca\/#organization","name":"Airmatic Industria","url":"https:\/\/industria.airmatic.es\/ca\/","logo":{"@type":"ImageObject","inLanguage":"ca","@id":"https:\/\/industria.airmatic.es\/ca\/#\/schema\/logo\/image\/","url":"https:\/\/industria.airmatic.es\/wp-content\/uploads\/2024\/02\/cropped-Logotipo-Airmatic.png","contentUrl":"https:\/\/industria.airmatic.es\/wp-content\/uploads\/2024\/02\/cropped-Logotipo-Airmatic.png","width":400,"height":126,"caption":"Airmatic Industria"},"image":{"@id":"https:\/\/industria.airmatic.es\/ca\/#\/schema\/logo\/image\/"}},{"@type":"Person","@id":"https:\/\/industria.airmatic.es\/ca\/#\/schema\/person\/adb7cb61859145bbee4eb5603ea57a1f","name":"Airmatic","image":{"@type":"ImageObject","inLanguage":"ca","@id":"https:\/\/secure.gravatar.com\/avatar\/314446466896ba2cd3050a3060ff308dbe353dcb40efbae4a7298f902a1dd522?s=96&d=mm&r=g","url":"https:\/\/secure.gravatar.com\/avatar\/314446466896ba2cd3050a3060ff308dbe353dcb40efbae4a7298f902a1dd522?s=96&d=mm&r=g","contentUrl":"https:\/\/secure.gravatar.com\/avatar\/314446466896ba2cd3050a3060ff308dbe353dcb40efbae4a7298f902a1dd522?s=96&d=mm&r=g","caption":"Airmatic"}}]}},"_links":{"self":[{"href":"https:\/\/industria.airmatic.es\/ca\/wp-json\/wp\/v2\/posts\/4016","targetHints":{"allow":["GET"]}}],"collection":[{"href":"https:\/\/industria.airmatic.es\/ca\/wp-json\/wp\/v2\/posts"}],"about":[{"href":"https:\/\/industria.airmatic.es\/ca\/wp-json\/wp\/v2\/types\/post"}],"author":[{"embeddable":true,"href":"https:\/\/industria.airmatic.es\/ca\/wp-json\/wp\/v2\/users\/4"}],"replies":[{"embeddable":true,"href":"https:\/\/industria.airmatic.es\/ca\/wp-json\/wp\/v2\/comments?post=4016"}],"version-history":[{"count":0,"href":"https:\/\/industria.airmatic.es\/ca\/wp-json\/wp\/v2\/posts\/4016\/revisions"}],"wp:featuredmedia":[{"embeddable":true,"href":"https:\/\/industria.airmatic.es\/ca\/wp-json\/wp\/v2\/media\/3971"}],"wp:attachment":[{"href":"https:\/\/industria.airmatic.es\/ca\/wp-json\/wp\/v2\/media?parent=4016"}],"wp:term":[{"taxonomy":"category","embeddable":true,"href":"https:\/\/industria.airmatic.es\/ca\/wp-json\/wp\/v2\/categories?post=4016"},{"taxonomy":"post_tag","embeddable":true,"href":"https:\/\/industria.airmatic.es\/ca\/wp-json\/wp\/v2\/tags?post=4016"}],"curies":[{"name":"wp","href":"https:\/\/api.w.org\/{rel}","templated":true}]}}