{"id":4060,"date":"2018-09-16T16:21:58","date_gmt":"2018-09-16T14:21:58","guid":{"rendered":"https:\/\/industria.airmatic.es\/nova-unitat-mobil-dinstallacions\/"},"modified":"2024-05-06T11:09:59","modified_gmt":"2024-05-06T09:09:59","slug":"nova-unitat-mobil-dinstallacions","status":"publish","type":"post","link":"https:\/\/industria.airmatic.es\/ca\/nova-unitat-mobil-dinstallacions\/","title":{"rendered":"Nova unitat m\u00f2bil d\u2019instal\u00b7lacions"},"content":{"rendered":"<p>Amb tal d\u2019oferir el millor servei possible als seus clients en tots els \u00e0mbits, Airmatic disposa d\u2019una nova Unitat M\u00f2bil d\u2019Instal\u00b7lacions. La Unitat M\u00f2bil d\u2019Instal\u00b7lacions s\u2019empra per realitzar tot tipus de muntatges a casa dels clients ja que en el seu interior l\u2019operari disposa de tot el material i eines necess\u00e0ries per a aix\u00f2, optimitzant els moviments log\u00edstics i reduint el cost final per al client.<\/p>\n<table width=\"764\">\n<tbody>\n<tr>\n<td>La Unitat M\u00f2bil d\u2019Instal\u00b7lacions est\u00e0 dotada d\u2019un nou sistema de rails que li permeten transportar considerables quantitats de tub en la seva part superior i sense disminuir el seu espai operatiu. En el seu interior, l\u2019operari compta amb un banc m\u00f2bil de treball el qual \u00e9s emprat per a les petites tasques rutin\u00e0ries en el muntatge d\u2019instal\u00b7lacions.<\/td>\n<\/tr>\n<\/tbody>\n<\/table>\n<p>Finalment, la Unitat M\u00f2bil d\u2019Instal\u00b7lacions disposa de suficient espai interior com per transportar un petit carret\u00f3 elevador autopropulsada, la qual cosa agilita i simplifica el proc\u00e9s de muntatge de les instal\u00b7lacions comptant amb les millors eines de seguretat disponibles.<\/p>\n","protected":false},"excerpt":{"rendered":"<p>Amb tal d\u2019oferir el millor servei possible als seus clients en tots els \u00e0mbits, Airmatic disposa d\u2019una nova Unitat M\u00f2bil d\u2019Instal\u00b7lacions. La Unitat M\u00f2bil d\u2019Instal\u00b7lacions s\u2019empra per realitzar tot tipus de muntatges a casa dels clients ja que en el seu interior l\u2019operari disposa de tot el material i eines necess\u00e0ries per a aix\u00f2, optimitzant [&hellip;]<\/p>\n","protected":false},"author":4,"featured_media":4031,"comment_status":"open","ping_status":"open","sticky":false,"template":"","format":"standard","meta":{"footnotes":""},"categories":[55,59,48],"tags":[86],"class_list":["post-4060","post","type-post","status-publish","format-standard","has-post-thumbnail","hentry","category-eines","category-noticies","category-novetats","tag-servei-tecnic"],"yoast_head":"<!-- This site is optimized with the Yoast SEO plugin v27.2 - https:\/\/yoast.com\/product\/yoast-seo-wordpress\/ -->\n<title>Nova unitat m\u00f2bil d\u2019instal\u00b7lacions - Airmatic Industria<\/title>\n<meta name=\"robots\" content=\"index, follow, max-snippet:-1, max-image-preview:large, max-video-preview:-1\" \/>\n<link rel=\"canonical\" href=\"https:\/\/industria.airmatic.es\/ca\/nova-unitat-mobil-dinstallacions\/\" \/>\n<meta property=\"og:locale\" content=\"ca_ES\" \/>\n<meta property=\"og:type\" content=\"article\" \/>\n<meta property=\"og:title\" content=\"Nova unitat m\u00f2bil d\u2019instal\u00b7lacions - Airmatic Industria\" \/>\n<meta property=\"og:description\" content=\"Amb tal d\u2019oferir el millor servei possible als seus clients en tots els \u00e0mbits, Airmatic disposa d\u2019una nova Unitat M\u00f2bil d\u2019Instal\u00b7lacions. La Unitat M\u00f2bil d\u2019Instal\u00b7lacions s\u2019empra per realitzar tot tipus de muntatges a casa dels clients ja que en el seu interior l\u2019operari disposa de tot el material i eines necess\u00e0ries per a aix\u00f2, optimitzant [&hellip;]\" \/>\n<meta property=\"og:url\" content=\"https:\/\/industria.airmatic.es\/ca\/nova-unitat-mobil-dinstallacions\/\" \/>\n<meta property=\"og:site_name\" content=\"Airmatic Industria\" \/>\n<meta property=\"article:published_time\" content=\"2018-09-16T14:21:58+00:00\" \/>\n<meta property=\"article:modified_time\" content=\"2024-05-06T09:09:59+00:00\" \/>\n<meta property=\"og:image\" content=\"https:\/\/industria.airmatic.es\/wp-content\/uploads\/2023\/11\/16airmatic_unidad_instalaciones.jpg\" \/>\n\t<meta property=\"og:image:width\" content=\"1000\" \/>\n\t<meta property=\"og:image:height\" content=\"479\" \/>\n\t<meta property=\"og:image:type\" content=\"image\/jpeg\" \/>\n<meta name=\"author\" content=\"Airmatic\" \/>\n<meta name=\"twitter:card\" content=\"summary_large_image\" \/>\n<meta name=\"twitter:label1\" content=\"Escrit per\" \/>\n\t<meta name=\"twitter:data1\" content=\"Airmatic\" \/>\n\t<meta name=\"twitter:label2\" content=\"Temps estimat de lectura\" \/>\n\t<meta name=\"twitter:data2\" content=\"1 minut\" \/>\n<script type=\"application\/ld+json\" class=\"yoast-schema-graph\">{\"@context\":\"https:\/\/schema.org\",\"@graph\":[{\"@type\":\"Article\",\"@id\":\"https:\/\/industria.airmatic.es\/ca\/nova-unitat-mobil-dinstallacions\/#article\",\"isPartOf\":{\"@id\":\"https:\/\/industria.airmatic.es\/ca\/nova-unitat-mobil-dinstallacions\/\"},\"author\":{\"name\":\"Airmatic\",\"@id\":\"https:\/\/industria.airmatic.es\/ca\/#\/schema\/person\/adb7cb61859145bbee4eb5603ea57a1f\"},\"headline\":\"Nova unitat m\u00f2bil d\u2019instal\u00b7lacions\",\"datePublished\":\"2018-09-16T14:21:58+00:00\",\"dateModified\":\"2024-05-06T09:09:59+00:00\",\"mainEntityOfPage\":{\"@id\":\"https:\/\/industria.airmatic.es\/ca\/nova-unitat-mobil-dinstallacions\/\"},\"wordCount\":195,\"commentCount\":0,\"publisher\":{\"@id\":\"https:\/\/industria.airmatic.es\/ca\/#organization\"},\"image\":{\"@id\":\"https:\/\/industria.airmatic.es\/ca\/nova-unitat-mobil-dinstallacions\/#primaryimage\"},\"thumbnailUrl\":\"https:\/\/industria.airmatic.es\/wp-content\/uploads\/2023\/11\/16airmatic_unidad_instalaciones.jpg\",\"keywords\":[\"Servei t\u00e8cnic\"],\"articleSection\":[\"Eines\",\"Not\u00edcies\",\"Novetats\"],\"inLanguage\":\"ca\",\"potentialAction\":[{\"@type\":\"CommentAction\",\"name\":\"Comment\",\"target\":[\"https:\/\/industria.airmatic.es\/ca\/nova-unitat-mobil-dinstallacions\/#respond\"]}]},{\"@type\":\"WebPage\",\"@id\":\"https:\/\/industria.airmatic.es\/ca\/nova-unitat-mobil-dinstallacions\/\",\"url\":\"https:\/\/industria.airmatic.es\/ca\/nova-unitat-mobil-dinstallacions\/\",\"name\":\"Nova unitat m\u00f2bil d\u2019instal\u00b7lacions - Airmatic Industria\",\"isPartOf\":{\"@id\":\"https:\/\/industria.airmatic.es\/ca\/#website\"},\"primaryImageOfPage\":{\"@id\":\"https:\/\/industria.airmatic.es\/ca\/nova-unitat-mobil-dinstallacions\/#primaryimage\"},\"image\":{\"@id\":\"https:\/\/industria.airmatic.es\/ca\/nova-unitat-mobil-dinstallacions\/#primaryimage\"},\"thumbnailUrl\":\"https:\/\/industria.airmatic.es\/wp-content\/uploads\/2023\/11\/16airmatic_unidad_instalaciones.jpg\",\"datePublished\":\"2018-09-16T14:21:58+00:00\",\"dateModified\":\"2024-05-06T09:09:59+00:00\",\"breadcrumb\":{\"@id\":\"https:\/\/industria.airmatic.es\/ca\/nova-unitat-mobil-dinstallacions\/#breadcrumb\"},\"inLanguage\":\"ca\",\"potentialAction\":[{\"@type\":\"ReadAction\",\"target\":[\"https:\/\/industria.airmatic.es\/ca\/nova-unitat-mobil-dinstallacions\/\"]}]},{\"@type\":\"ImageObject\",\"inLanguage\":\"ca\",\"@id\":\"https:\/\/industria.airmatic.es\/ca\/nova-unitat-mobil-dinstallacions\/#primaryimage\",\"url\":\"https:\/\/industria.airmatic.es\/wp-content\/uploads\/2023\/11\/16airmatic_unidad_instalaciones.jpg\",\"contentUrl\":\"https:\/\/industria.airmatic.es\/wp-content\/uploads\/2023\/11\/16airmatic_unidad_instalaciones.jpg\",\"width\":1000,\"height\":479,\"caption\":\"Furgoneta del servicio de instalaciones de Airmatic en un servicio\"},{\"@type\":\"BreadcrumbList\",\"@id\":\"https:\/\/industria.airmatic.es\/ca\/nova-unitat-mobil-dinstallacions\/#breadcrumb\",\"itemListElement\":[{\"@type\":\"ListItem\",\"position\":1,\"name\":\"Portada\",\"item\":\"https:\/\/industria.airmatic.es\/ca\/inici\/\"},{\"@type\":\"ListItem\",\"position\":2,\"name\":\"Nova unitat m\u00f2bil d\u2019instal\u00b7lacions\"}]},{\"@type\":\"WebSite\",\"@id\":\"https:\/\/industria.airmatic.es\/ca\/#website\",\"url\":\"https:\/\/industria.airmatic.es\/ca\/\",\"name\":\"Airmatic Industria\",\"description\":\"\",\"publisher\":{\"@id\":\"https:\/\/industria.airmatic.es\/ca\/#organization\"},\"potentialAction\":[{\"@type\":\"SearchAction\",\"target\":{\"@type\":\"EntryPoint\",\"urlTemplate\":\"https:\/\/industria.airmatic.es\/ca\/?s={search_term_string}\"},\"query-input\":{\"@type\":\"PropertyValueSpecification\",\"valueRequired\":true,\"valueName\":\"search_term_string\"}}],\"inLanguage\":\"ca\"},{\"@type\":\"Organization\",\"@id\":\"https:\/\/industria.airmatic.es\/ca\/#organization\",\"name\":\"Airmatic Industria\",\"url\":\"https:\/\/industria.airmatic.es\/ca\/\",\"logo\":{\"@type\":\"ImageObject\",\"inLanguage\":\"ca\",\"@id\":\"https:\/\/industria.airmatic.es\/ca\/#\/schema\/logo\/image\/\",\"url\":\"https:\/\/industria.airmatic.es\/wp-content\/uploads\/2024\/02\/cropped-Logotipo-Airmatic.png\",\"contentUrl\":\"https:\/\/industria.airmatic.es\/wp-content\/uploads\/2024\/02\/cropped-Logotipo-Airmatic.png\",\"width\":400,\"height\":126,\"caption\":\"Airmatic Industria\"},\"image\":{\"@id\":\"https:\/\/industria.airmatic.es\/ca\/#\/schema\/logo\/image\/\"}},{\"@type\":\"Person\",\"@id\":\"https:\/\/industria.airmatic.es\/ca\/#\/schema\/person\/adb7cb61859145bbee4eb5603ea57a1f\",\"name\":\"Airmatic\",\"image\":{\"@type\":\"ImageObject\",\"inLanguage\":\"ca\",\"@id\":\"https:\/\/secure.gravatar.com\/avatar\/314446466896ba2cd3050a3060ff308dbe353dcb40efbae4a7298f902a1dd522?s=96&d=mm&r=g\",\"url\":\"https:\/\/secure.gravatar.com\/avatar\/314446466896ba2cd3050a3060ff308dbe353dcb40efbae4a7298f902a1dd522?s=96&d=mm&r=g\",\"contentUrl\":\"https:\/\/secure.gravatar.com\/avatar\/314446466896ba2cd3050a3060ff308dbe353dcb40efbae4a7298f902a1dd522?s=96&d=mm&r=g\",\"caption\":\"Airmatic\"}}]}<\/script>\n<!-- \/ Yoast SEO plugin. -->","yoast_head_json":{"title":"Nova unitat m\u00f2bil d\u2019instal\u00b7lacions - Airmatic Industria","robots":{"index":"index","follow":"follow","max-snippet":"max-snippet:-1","max-image-preview":"max-image-preview:large","max-video-preview":"max-video-preview:-1"},"canonical":"https:\/\/industria.airmatic.es\/ca\/nova-unitat-mobil-dinstallacions\/","og_locale":"ca_ES","og_type":"article","og_title":"Nova unitat m\u00f2bil d\u2019instal\u00b7lacions - Airmatic Industria","og_description":"Amb tal d\u2019oferir el millor servei possible als seus clients en tots els \u00e0mbits, Airmatic disposa d\u2019una nova Unitat M\u00f2bil d\u2019Instal\u00b7lacions. La Unitat M\u00f2bil d\u2019Instal\u00b7lacions s\u2019empra per realitzar tot tipus de muntatges a casa dels clients ja que en el seu interior l\u2019operari disposa de tot el material i eines necess\u00e0ries per a aix\u00f2, optimitzant [&hellip;]","og_url":"https:\/\/industria.airmatic.es\/ca\/nova-unitat-mobil-dinstallacions\/","og_site_name":"Airmatic Industria","article_published_time":"2018-09-16T14:21:58+00:00","article_modified_time":"2024-05-06T09:09:59+00:00","og_image":[{"width":1000,"height":479,"url":"https:\/\/industria.airmatic.es\/wp-content\/uploads\/2023\/11\/16airmatic_unidad_instalaciones.jpg","type":"image\/jpeg"}],"author":"Airmatic","twitter_card":"summary_large_image","twitter_misc":{"Escrit per":"Airmatic","Temps estimat de lectura":"1 minut"},"schema":{"@context":"https:\/\/schema.org","@graph":[{"@type":"Article","@id":"https:\/\/industria.airmatic.es\/ca\/nova-unitat-mobil-dinstallacions\/#article","isPartOf":{"@id":"https:\/\/industria.airmatic.es\/ca\/nova-unitat-mobil-dinstallacions\/"},"author":{"name":"Airmatic","@id":"https:\/\/industria.airmatic.es\/ca\/#\/schema\/person\/adb7cb61859145bbee4eb5603ea57a1f"},"headline":"Nova unitat m\u00f2bil d\u2019instal\u00b7lacions","datePublished":"2018-09-16T14:21:58+00:00","dateModified":"2024-05-06T09:09:59+00:00","mainEntityOfPage":{"@id":"https:\/\/industria.airmatic.es\/ca\/nova-unitat-mobil-dinstallacions\/"},"wordCount":195,"commentCount":0,"publisher":{"@id":"https:\/\/industria.airmatic.es\/ca\/#organization"},"image":{"@id":"https:\/\/industria.airmatic.es\/ca\/nova-unitat-mobil-dinstallacions\/#primaryimage"},"thumbnailUrl":"https:\/\/industria.airmatic.es\/wp-content\/uploads\/2023\/11\/16airmatic_unidad_instalaciones.jpg","keywords":["Servei t\u00e8cnic"],"articleSection":["Eines","Not\u00edcies","Novetats"],"inLanguage":"ca","potentialAction":[{"@type":"CommentAction","name":"Comment","target":["https:\/\/industria.airmatic.es\/ca\/nova-unitat-mobil-dinstallacions\/#respond"]}]},{"@type":"WebPage","@id":"https:\/\/industria.airmatic.es\/ca\/nova-unitat-mobil-dinstallacions\/","url":"https:\/\/industria.airmatic.es\/ca\/nova-unitat-mobil-dinstallacions\/","name":"Nova unitat m\u00f2bil d\u2019instal\u00b7lacions - Airmatic Industria","isPartOf":{"@id":"https:\/\/industria.airmatic.es\/ca\/#website"},"primaryImageOfPage":{"@id":"https:\/\/industria.airmatic.es\/ca\/nova-unitat-mobil-dinstallacions\/#primaryimage"},"image":{"@id":"https:\/\/industria.airmatic.es\/ca\/nova-unitat-mobil-dinstallacions\/#primaryimage"},"thumbnailUrl":"https:\/\/industria.airmatic.es\/wp-content\/uploads\/2023\/11\/16airmatic_unidad_instalaciones.jpg","datePublished":"2018-09-16T14:21:58+00:00","dateModified":"2024-05-06T09:09:59+00:00","breadcrumb":{"@id":"https:\/\/industria.airmatic.es\/ca\/nova-unitat-mobil-dinstallacions\/#breadcrumb"},"inLanguage":"ca","potentialAction":[{"@type":"ReadAction","target":["https:\/\/industria.airmatic.es\/ca\/nova-unitat-mobil-dinstallacions\/"]}]},{"@type":"ImageObject","inLanguage":"ca","@id":"https:\/\/industria.airmatic.es\/ca\/nova-unitat-mobil-dinstallacions\/#primaryimage","url":"https:\/\/industria.airmatic.es\/wp-content\/uploads\/2023\/11\/16airmatic_unidad_instalaciones.jpg","contentUrl":"https:\/\/industria.airmatic.es\/wp-content\/uploads\/2023\/11\/16airmatic_unidad_instalaciones.jpg","width":1000,"height":479,"caption":"Furgoneta del servicio de instalaciones de Airmatic en un servicio"},{"@type":"BreadcrumbList","@id":"https:\/\/industria.airmatic.es\/ca\/nova-unitat-mobil-dinstallacions\/#breadcrumb","itemListElement":[{"@type":"ListItem","position":1,"name":"Portada","item":"https:\/\/industria.airmatic.es\/ca\/inici\/"},{"@type":"ListItem","position":2,"name":"Nova unitat m\u00f2bil d\u2019instal\u00b7lacions"}]},{"@type":"WebSite","@id":"https:\/\/industria.airmatic.es\/ca\/#website","url":"https:\/\/industria.airmatic.es\/ca\/","name":"Airmatic Industria","description":"","publisher":{"@id":"https:\/\/industria.airmatic.es\/ca\/#organization"},"potentialAction":[{"@type":"SearchAction","target":{"@type":"EntryPoint","urlTemplate":"https:\/\/industria.airmatic.es\/ca\/?s={search_term_string}"},"query-input":{"@type":"PropertyValueSpecification","valueRequired":true,"valueName":"search_term_string"}}],"inLanguage":"ca"},{"@type":"Organization","@id":"https:\/\/industria.airmatic.es\/ca\/#organization","name":"Airmatic Industria","url":"https:\/\/industria.airmatic.es\/ca\/","logo":{"@type":"ImageObject","inLanguage":"ca","@id":"https:\/\/industria.airmatic.es\/ca\/#\/schema\/logo\/image\/","url":"https:\/\/industria.airmatic.es\/wp-content\/uploads\/2024\/02\/cropped-Logotipo-Airmatic.png","contentUrl":"https:\/\/industria.airmatic.es\/wp-content\/uploads\/2024\/02\/cropped-Logotipo-Airmatic.png","width":400,"height":126,"caption":"Airmatic Industria"},"image":{"@id":"https:\/\/industria.airmatic.es\/ca\/#\/schema\/logo\/image\/"}},{"@type":"Person","@id":"https:\/\/industria.airmatic.es\/ca\/#\/schema\/person\/adb7cb61859145bbee4eb5603ea57a1f","name":"Airmatic","image":{"@type":"ImageObject","inLanguage":"ca","@id":"https:\/\/secure.gravatar.com\/avatar\/314446466896ba2cd3050a3060ff308dbe353dcb40efbae4a7298f902a1dd522?s=96&d=mm&r=g","url":"https:\/\/secure.gravatar.com\/avatar\/314446466896ba2cd3050a3060ff308dbe353dcb40efbae4a7298f902a1dd522?s=96&d=mm&r=g","contentUrl":"https:\/\/secure.gravatar.com\/avatar\/314446466896ba2cd3050a3060ff308dbe353dcb40efbae4a7298f902a1dd522?s=96&d=mm&r=g","caption":"Airmatic"}}]}},"_links":{"self":[{"href":"https:\/\/industria.airmatic.es\/ca\/wp-json\/wp\/v2\/posts\/4060","targetHints":{"allow":["GET"]}}],"collection":[{"href":"https:\/\/industria.airmatic.es\/ca\/wp-json\/wp\/v2\/posts"}],"about":[{"href":"https:\/\/industria.airmatic.es\/ca\/wp-json\/wp\/v2\/types\/post"}],"author":[{"embeddable":true,"href":"https:\/\/industria.airmatic.es\/ca\/wp-json\/wp\/v2\/users\/4"}],"replies":[{"embeddable":true,"href":"https:\/\/industria.airmatic.es\/ca\/wp-json\/wp\/v2\/comments?post=4060"}],"version-history":[{"count":0,"href":"https:\/\/industria.airmatic.es\/ca\/wp-json\/wp\/v2\/posts\/4060\/revisions"}],"wp:featuredmedia":[{"embeddable":true,"href":"https:\/\/industria.airmatic.es\/ca\/wp-json\/wp\/v2\/media\/4031"}],"wp:attachment":[{"href":"https:\/\/industria.airmatic.es\/ca\/wp-json\/wp\/v2\/media?parent=4060"}],"wp:term":[{"taxonomy":"category","embeddable":true,"href":"https:\/\/industria.airmatic.es\/ca\/wp-json\/wp\/v2\/categories?post=4060"},{"taxonomy":"post_tag","embeddable":true,"href":"https:\/\/industria.airmatic.es\/ca\/wp-json\/wp\/v2\/tags?post=4060"}],"curies":[{"name":"wp","href":"https:\/\/api.w.org\/{rel}","templated":true}]}}